{"id":9180,"date":"2021-05-14T16:11:47","date_gmt":"2021-05-14T15:11:47","guid":{"rendered":"https:\/\/www.olikrom.com\/?p=9180"},"modified":"2023-04-28T11:16:54","modified_gmt":"2023-04-28T09:16:54","slug":"comment-allier-innovation-et-transition-energetique-et-ecologique","status":"publish","type":"post","link":"https:\/\/www.olikrom.com\/fr\/blog\/actualites\/comment-allier-innovation-et-transition-energetique-et-ecologique\/","title":{"rendered":"Comment allier innovation et transition \u00e9nerg\u00e9tique et \u00e9cologique ?"},"content":{"rendered":"<div class=\"post-heading\">\n<h2>OliKrom met son expertise au service de la transition environnementale<\/h2>\n<p style=\"text-align: justify;\">\u00c0 l\u2019exemple du cam\u00e9l\u00e9on capable de changer de couleur pour se camoufler, <strong>les rev\u00eatements qui s&rsquo;adaptent \u00e0 leur environnement offrent de r\u00e9elles opportunit\u00e9s pour r\u00e9pondre aux futurs enjeux environnementaux<\/strong>.<\/p>\n<p style=\"text-align: justify;\">Depuis plus de 7 ans, la soci\u00e9t\u00e9 OliKrom con\u00e7oit et produit des mat\u00e9riaux intelligents \u00e0 changement de couleur. \u00ab\u00a0<em>Notre \u00e9quipe<\/em> <em>programme des changements de couleur pour cr\u00e9er des indicateurs de s\u00e9curit\u00e9, de conformit\u00e9, ou d\u2019authenticit\u00e9 pour tous les secteurs d&rsquo;activit\u00e9s. <\/em><em>Mais \u00e0 c\u00f4t\u00e9 de cela, <strong>nous nous int\u00e9ressons particuli\u00e8rement aux enjeux de la transition \u00e9cologique et \u00e9nerg\u00e9tique en participant \u00e0 la cr\u00e9ation d&rsquo;un \u00e9cosyst\u00e8me durable<\/strong>\u00a0\u00bb <\/em>souligne Jean-Fran\u00e7ois L\u00e9tard, pr\u00e9sident fondateur d&rsquo;OliKrom.<\/p>\n<h3>La cr\u00e9ation d&rsquo;un marquage routier \u00e9co-durable<\/h3>\n<p style=\"text-align: justify;\">Cette volont\u00e9 de cr\u00e9er des solutions innovantes respectueuses de l&rsquo;environnement s&rsquo;est concr\u00e9tis\u00e9e d\u00e8s 2018 avec la mise au point et la commercialisation du <a style=\"text-align: justify;\" href=\"https:\/\/www.luminokrom.com\/\">marquage routier photoluminescent LuminoKrom\u00ae<\/a><span style=\"text-align: justify;\">\u00a0en substitution de l\u2019\u00e9clairage public, une\u00a0<\/span><span style=\"text-align: justify;\"><strong>technologie \u00e0 tr\u00e8s faible impact environnemental. <\/strong><\/span><span style=\"text-align: justify;\">Auj<\/span><span style=\"text-align: justify; color: #e6007e;\"><span style=\"color: #000000;\">ourd&rsquo;hui, c&rsquo;est plus de 60 collectivit\u00e9s r\u00e9parties sur le territoire fran\u00e7ais, qui ont d\u00e9ploy\u00e9 cette innovation pour s\u00e9curiser les d\u00e9placements de nuit. Les premi\u00e8res r\u00e9alisations hors de nos fronti\u00e8res rencontrent \u00e9galement un franc succ\u00e8s (Canada, Nig\u00e9ria, Belgique, Luxembourg&#8230;).<\/span><\/span><\/p>\n<div id=\"attachment_47737\" class=\"wp-caption aligncenter\" style=\"text-align: justify;\"><div id=\"attachment_47737\" style=\"width: 622px\" class=\"wp-caption aligncenter\"><img loading=\"lazy\" decoding=\"async\" aria-describedby=\"caption-attachment-47737\" class=\"wp-image-47737 size-full\" src=\"https:\/\/storage.googleapis.com\/cdn-bpi-france-blog\/production\/2021\/03\/oli2.jpg\" sizes=\"auto, (max-width: 612px) 100vw, 612px\" srcset=\"https:\/\/storage.googleapis.com\/cdn-bpi-france-blog\/production\/2021\/03\/oli2.jpg 612w, https:\/\/storage.googleapis.com\/cdn-bpi-france-blog\/production\/2021\/03\/oli2-300x200.jpg 300w\" alt=\"Marquage LuminoKrom Plage de Carcans \u2013 OliKrom\u00a9\" width=\"612\" height=\"408\" \/><p id=\"caption-attachment-47737\" class=\"wp-caption-text\">Marquage LuminoKrom\u00ae pour s\u00e9curiser de nuit une piste cyclable &#8211; Carcans &#8211; OliKrom\u00a9<\/p><\/div><\/p>\n<p>&nbsp;<\/p>\n<\/div>\n<h3>\u00a0<\/h3>\n<h3>Contribuer \u00e0 cr\u00e9er de futures solutions \u00e9coresponsables<\/h3>\n<p style=\"text-align: justify;\">Le <a href=\"https:\/\/www.olikrom.com\/fr\/departement-recherche\/\">d\u00e9partement R&amp;D<\/a> d&rsquo;OliKrom travaille au quotidien sur des d\u00e9veloppements novateurs, notamment <strong>autour de l&rsquo;hydrog\u00e8ne vert<\/strong>. Afin d&rsquo;accompagner le d\u00e9ploiement de ce futur carburant vert, l&rsquo;un des d\u00e9fis relev\u00e9 par nos \u00e9quipes est la conception de rev\u00eatements capables de changer de couleur en cas de fuite d&rsquo;hydrog\u00e8ne.<\/p>\n<p style=\"text-align: justify;\">Un effort de recherche important est \u00e9galement d\u00e9di\u00e9 \u00e0 d\u00e9velopper un rev\u00eatement r\u00e9actif pour <strong>lutter contre les \u00eelots de chaleur en milieu urbain<\/strong>. En effet, sous l\u2019effet conjugu\u00e9 de l\u2019urbanisation croissante et du r\u00e9chauffement climatique, les \u00eelots de chaleur urbains pourraient devenir plus intenses. Des mesures d\u2019adaptation et d\u2019att\u00e9nuation doivent \u00eatre prises, un combat dans lequel OliKrom s&rsquo;investit.<\/p>\n<div id=\"attachment_47737\" class=\"wp-caption aligncenter\" style=\"text-align: justify;\">\n<h2>Le positionnement volontaire d&rsquo;OliKrom salu\u00e9 par Bpifrance<\/h2>\n<h3>En tant que PME engag\u00e9e dans la transition \u00e9cologique, OliKrom est devenue ambassadrice de la communaut\u00e9 du Coq Vert.\u00a0<\/h3>\n<p><img loading=\"lazy\" decoding=\"async\" class=\" wp-image-10903 alignleft\" src=\"https:\/\/www.olikrom.com\/wp-content\/uploads\/2021\/05\/coq-vert.jpg\" alt=\"communaute-coq-vert\" width=\"264\" height=\"183\" \/><\/p>\n<p>L&rsquo;entreprise a ainsi rejoint en mai 2021 d&rsquo;autres <strong>entrepreneurs engag\u00e9s dans la lutte contre le r\u00e9chauffement climatique et la transition environnementale<\/strong>.\u00a0<\/p>\n<\/div>\n<p style=\"text-align: justify;\">Bpifrance accompagne les entreprises pour adopter des comportements plus responsables en faveur de l\u2019environnement. Lanc\u00e9e en partenariat avec l&rsquo;<a href=\"https:\/\/www.ademe.fr\/\">ADEME<\/a> et le <a href=\"https:\/\/www.ecologie.gouv.fr\/\">Minist\u00e8re de la Transition \u00c9cologique<\/a>, la <a href=\"https:\/\/www.bpifrance.fr\/communaute-du-coq-vert\">communaut\u00e9 du Coq Vert<\/a> a pour <strong>vocation de cr\u00e9er une \u00e9mulation collective en faveur du d\u00e9veloppement durable<\/strong>.<\/p>\n<p style=\"text-align: justify;\">Egalement membre de la communaut\u00e9 \u00ab\u00a0<a href=\"https:\/\/tribu.bpifrance.fr\/public\/Bpifrance-Excellence\">Les Excellence\u00a0\u00bb de Bpifrance<\/a>, OliKrom a \u00e9t\u00e9 accompagn\u00e9e d\u00e8s sa cr\u00e9ation par Bpifrance pour d\u00e9velopper ses recherches en v\u00e9ritable activit\u00e9 commerciale. \u00ab <em>Bpifrance nous a suivi \u00e0 travers chaque \u00e9tape, en misant sur le d\u00e9veloppement \u00e9conomique qu\u2019il pouvait y avoir derri\u00e8re tous ces enjeux de recherche. Avec \u00e0 la cl\u00e9 de la cr\u00e9ation d\u2019emplois, mais aussi la cr\u00e9ation de valeur, avec la possibilit\u00e9 d\u2019avoir un impact r\u00e9el sur la soci\u00e9t\u00e9<\/em> \u00bb, pr\u00e9cise Jean-Fran\u00e7ois L\u00e9tard.<\/p>\n<p style=\"text-align: justify;\">\u00a0<\/p>\n<\/div>\n<div class=\"post-content\"><div id=\"attachment_9182\" style=\"width: 760px\" class=\"wp-caption aligncenter\"><img loading=\"lazy\" decoding=\"async\" aria-describedby=\"caption-attachment-9182\" class=\"wp-image-9182 size-medium\" src=\"https:\/\/www.olikrom.com\/wp-content\/uploads\/2021\/05\/sam_2323-750x422.jpg\" alt=\"L'\u00e9quipe OliKrom \u2013 OliKrom\u00a9\" width=\"750\" height=\"422\" \/><p id=\"caption-attachment-9182\" class=\"wp-caption-text\">Avec sa premi\u00e8re usine cr\u00e9\u00e9e en 2018, l\u2019entreprise compte aujourd\u2019hui 20 personnes.<\/p><\/div><\/p>\n<div id=\"attachment_47737\" class=\"wp-caption aligncenter\" style=\"text-align: justify;\">\u00a0<\/div>\n<h3 style=\"text-align: justify;\"><strong>Start-up : allez plus loin !<\/strong><\/h3>\n<ul>\n<li style=\"text-align: justify;\">Rejoignez <a href=\"https:\/\/tribu.bpifrance.fr\/\">le r\u00e9seau d\u2019entrepreneurs Tribu de Bpifrance<\/a> qui pulse la croissance. Tous les entrepreneurs, experts et partenaires de Bpifrance regroup\u00e9s en un seul lieu, ayant tous pour objectif de d\u00e9velopper leur business par la mise en relation.<\/li>\n<li style=\"text-align: justify;\">D\u00e9couvrez <a href=\"https:\/\/www.bpifrance.fr\/communaute-du-coq-vert\">la communaut\u00e9 du Coq Vert de Bpifrance<\/a><\/li>\n<\/ul>\n<\/div>\n","protected":false},"excerpt":{"rendered":"<p>OliKrom met son expertise au service de la transition environnementale \u00c0 l\u2019exemple du cam\u00e9l\u00e9on capable de changer de couleur pour se camoufler, les rev\u00eatements qui s&rsquo;adaptent \u00e0 leur environnement [&hellip;]<\/p>\n","protected":false},"author":10,"featured_media":23087,"comment_status":"closed","ping_status":"closed","sticky":false,"template":"","format":"standard","meta":{"inline_featured_image":false,"footnotes":""},"categories":[367],"tags":[],"class_list":["post-9180","post","type-post","status-publish","format-standard","has-post-thumbnail","hentry","category-actualites"],"yoast_head":"<!-- This site is optimized with the Yoast SEO plugin v27.5 - https:\/\/yoast.com\/product\/yoast-seo-wordpress\/ -->\n<title>L&#039;innovation, allier de la transition \u00e9nerg\u00e9tique et \u00e9cologique ?<\/title>\n<meta name=\"description\" content=\"Depuis plus de 7 ans, la soci\u00e9t\u00e9 OliKrom con\u00e7oit et produit des mat\u00e9riaux intelligents \u00e0 changement de couleur.\" \/>\n<meta name=\"robots\" content=\"index, follow, max-snippet:-1, max-image-preview:large, max-video-preview:-1\" \/>\n<link rel=\"canonical\" href=\"https:\/\/www.olikrom.com\/fr\/blog\/actualites\/comment-allier-innovation-et-transition-energetique-et-ecologique\/\" \/>\n<meta property=\"og:locale\" content=\"fr_FR\" \/>\n<meta property=\"og:type\" content=\"article\" \/>\n<meta property=\"og:title\" content=\"L&#039;innovation, allier de la transition \u00e9nerg\u00e9tique et \u00e9cologique ?\" \/>\n<meta property=\"og:description\" content=\"Depuis plus de 7 ans, la soci\u00e9t\u00e9 OliKrom con\u00e7oit et produit des mat\u00e9riaux intelligents \u00e0 changement de couleur.\" \/>\n<meta property=\"og:url\" content=\"https:\/\/www.olikrom.com\/fr\/blog\/actualites\/comment-allier-innovation-et-transition-energetique-et-ecologique\/\" \/>\n<meta property=\"og:site_name\" content=\"OliKrom\" \/>\n<meta property=\"article:published_time\" content=\"2021-05-14T15:11:47+00:00\" \/>\n<meta property=\"article:modified_time\" content=\"2023-04-28T09:16:54+00:00\" \/>\n<meta property=\"og:image\" content=\"https:\/\/www.olikrom.com\/wp-content\/uploads\/2021\/05\/bpi_logo-1.jpg\" \/>\n\t<meta property=\"og:image:width\" content=\"532\" \/>\n\t<meta property=\"og:image:height\" content=\"251\" \/>\n\t<meta property=\"og:image:type\" content=\"image\/jpeg\" \/>\n<meta name=\"author\" content=\"olikrom\" \/>\n<meta name=\"twitter:card\" content=\"summary_large_image\" \/>\n<meta name=\"twitter:label1\" content=\"\u00c9crit par\" \/>\n\t<meta name=\"twitter:data1\" content=\"olikrom\" \/>\n\t<meta name=\"twitter:label2\" content=\"Dur\u00e9e de lecture estim\u00e9e\" \/>\n\t<meta name=\"twitter:data2\" content=\"4 minutes\" \/>\n<script type=\"application\/ld+json\" class=\"yoast-schema-graph\">{\"@context\":\"https:\\\/\\\/schema.org\",\"@graph\":[{\"@type\":\"Article\",\"@id\":\"https:\\\/\\\/www.olikrom.com\\\/fr\\\/blog\\\/actualites\\\/comment-allier-innovation-et-transition-energetique-et-ecologique\\\/#article\",\"isPartOf\":{\"@id\":\"https:\\\/\\\/www.olikrom.com\\\/fr\\\/blog\\\/actualites\\\/comment-allier-innovation-et-transition-energetique-et-ecologique\\\/\"},\"author\":{\"name\":\"olikrom\",\"@id\":\"https:\\\/\\\/www.olikrom.com\\\/fr\\\/#\\\/schema\\\/person\\\/9df28334ff037f296d71c6cf145904ca\"},\"headline\":\"Comment allier innovation et transition \u00e9nerg\u00e9tique et \u00e9cologique ?\",\"datePublished\":\"2021-05-14T15:11:47+00:00\",\"dateModified\":\"2023-04-28T09:16:54+00:00\",\"mainEntityOfPage\":{\"@id\":\"https:\\\/\\\/www.olikrom.com\\\/fr\\\/blog\\\/actualites\\\/comment-allier-innovation-et-transition-energetique-et-ecologique\\\/\"},\"wordCount\":671,\"publisher\":{\"@id\":\"https:\\\/\\\/www.olikrom.com\\\/fr\\\/#organization\"},\"image\":{\"@id\":\"https:\\\/\\\/www.olikrom.com\\\/fr\\\/blog\\\/actualites\\\/comment-allier-innovation-et-transition-energetique-et-ecologique\\\/#primaryimage\"},\"thumbnailUrl\":\"https:\\\/\\\/www.olikrom.com\\\/wp-content\\\/uploads\\\/2021\\\/05\\\/bpi_logo-1.jpg\",\"articleSection\":[\"Actualit\u00e9s\"],\"inLanguage\":\"fr-FR\"},{\"@type\":\"WebPage\",\"@id\":\"https:\\\/\\\/www.olikrom.com\\\/fr\\\/blog\\\/actualites\\\/comment-allier-innovation-et-transition-energetique-et-ecologique\\\/\",\"url\":\"https:\\\/\\\/www.olikrom.com\\\/fr\\\/blog\\\/actualites\\\/comment-allier-innovation-et-transition-energetique-et-ecologique\\\/\",\"name\":\"L'innovation, allier de la transition \u00e9nerg\u00e9tique et \u00e9cologique ?\",\"isPartOf\":{\"@id\":\"https:\\\/\\\/www.olikrom.com\\\/fr\\\/#website\"},\"primaryImageOfPage\":{\"@id\":\"https:\\\/\\\/www.olikrom.com\\\/fr\\\/blog\\\/actualites\\\/comment-allier-innovation-et-transition-energetique-et-ecologique\\\/#primaryimage\"},\"image\":{\"@id\":\"https:\\\/\\\/www.olikrom.com\\\/fr\\\/blog\\\/actualites\\\/comment-allier-innovation-et-transition-energetique-et-ecologique\\\/#primaryimage\"},\"thumbnailUrl\":\"https:\\\/\\\/www.olikrom.com\\\/wp-content\\\/uploads\\\/2021\\\/05\\\/bpi_logo-1.jpg\",\"datePublished\":\"2021-05-14T15:11:47+00:00\",\"dateModified\":\"2023-04-28T09:16:54+00:00\",\"description\":\"Depuis plus de 7 ans, la soci\u00e9t\u00e9 OliKrom con\u00e7oit et produit des mat\u00e9riaux intelligents \u00e0 changement de couleur.\",\"breadcrumb\":{\"@id\":\"https:\\\/\\\/www.olikrom.com\\\/fr\\\/blog\\\/actualites\\\/comment-allier-innovation-et-transition-energetique-et-ecologique\\\/#breadcrumb\"},\"inLanguage\":\"fr-FR\",\"potentialAction\":[{\"@type\":\"ReadAction\",\"target\":[\"https:\\\/\\\/www.olikrom.com\\\/fr\\\/blog\\\/actualites\\\/comment-allier-innovation-et-transition-energetique-et-ecologique\\\/\"]}]},{\"@type\":\"ImageObject\",\"inLanguage\":\"fr-FR\",\"@id\":\"https:\\\/\\\/www.olikrom.com\\\/fr\\\/blog\\\/actualites\\\/comment-allier-innovation-et-transition-energetique-et-ecologique\\\/#primaryimage\",\"url\":\"https:\\\/\\\/www.olikrom.com\\\/wp-content\\\/uploads\\\/2021\\\/05\\\/bpi_logo-1.jpg\",\"contentUrl\":\"https:\\\/\\\/www.olikrom.com\\\/wp-content\\\/uploads\\\/2021\\\/05\\\/bpi_logo-1.jpg\",\"width\":532,\"height\":251,\"caption\":\"bpi_logo-1\"},{\"@type\":\"BreadcrumbList\",\"@id\":\"https:\\\/\\\/www.olikrom.com\\\/fr\\\/blog\\\/actualites\\\/comment-allier-innovation-et-transition-energetique-et-ecologique\\\/#breadcrumb\",\"itemListElement\":[{\"@type\":\"ListItem\",\"position\":1,\"name\":\"Home\",\"item\":\"https:\\\/\\\/www.olikrom.com\\\/fr\\\/\"},{\"@type\":\"ListItem\",\"position\":2,\"name\":\"Comment allier innovation et transition \u00e9nerg\u00e9tique et \u00e9cologique ?\"}]},{\"@type\":\"WebSite\",\"@id\":\"https:\\\/\\\/www.olikrom.com\\\/fr\\\/#website\",\"url\":\"https:\\\/\\\/www.olikrom.com\\\/fr\\\/\",\"name\":\"OliKrom\",\"description\":\"\",\"publisher\":{\"@id\":\"https:\\\/\\\/www.olikrom.com\\\/fr\\\/#organization\"},\"potentialAction\":[{\"@type\":\"SearchAction\",\"target\":{\"@type\":\"EntryPoint\",\"urlTemplate\":\"https:\\\/\\\/www.olikrom.com\\\/fr\\\/?s={search_term_string}\"},\"query-input\":{\"@type\":\"PropertyValueSpecification\",\"valueRequired\":true,\"valueName\":\"search_term_string\"}}],\"inLanguage\":\"fr-FR\"},{\"@type\":\"Organization\",\"@id\":\"https:\\\/\\\/www.olikrom.com\\\/fr\\\/#organization\",\"name\":\"Olikrom\",\"url\":\"https:\\\/\\\/www.olikrom.com\\\/fr\\\/\",\"logo\":{\"@type\":\"ImageObject\",\"inLanguage\":\"fr-FR\",\"@id\":\"https:\\\/\\\/www.olikrom.com\\\/fr\\\/#\\\/schema\\\/logo\\\/image\\\/\",\"url\":\"https:\\\/\\\/www.olikrom.com\\\/wp-content\\\/uploads\\\/2022\\\/01\\\/olikrom-logo-couleurs-2021-ok.png\",\"contentUrl\":\"https:\\\/\\\/www.olikrom.com\\\/wp-content\\\/uploads\\\/2022\\\/01\\\/olikrom-logo-couleurs-2021-ok.png\",\"width\":285,\"height\":84,\"caption\":\"Olikrom\"},\"image\":{\"@id\":\"https:\\\/\\\/www.olikrom.com\\\/fr\\\/#\\\/schema\\\/logo\\\/image\\\/\"}},{\"@type\":\"Person\",\"@id\":\"https:\\\/\\\/www.olikrom.com\\\/fr\\\/#\\\/schema\\\/person\\\/9df28334ff037f296d71c6cf145904ca\",\"name\":\"olikrom\",\"image\":{\"@type\":\"ImageObject\",\"inLanguage\":\"fr-FR\",\"@id\":\"https:\\\/\\\/secure.gravatar.com\\\/avatar\\\/610dbff3ea490fd0b981b1b2f5a26a440c8e40f8f474fc7fb84a8ac9573692f1?s=96&d=mm&r=g\",\"url\":\"https:\\\/\\\/secure.gravatar.com\\\/avatar\\\/610dbff3ea490fd0b981b1b2f5a26a440c8e40f8f474fc7fb84a8ac9573692f1?s=96&d=mm&r=g\",\"contentUrl\":\"https:\\\/\\\/secure.gravatar.com\\\/avatar\\\/610dbff3ea490fd0b981b1b2f5a26a440c8e40f8f474fc7fb84a8ac9573692f1?s=96&d=mm&r=g\",\"caption\":\"olikrom\"}}]}<\/script>\n<!-- \/ Yoast SEO plugin. -->","yoast_head_json":{"title":"L'innovation, allier de la transition \u00e9nerg\u00e9tique et \u00e9cologique ?","description":"Depuis plus de 7 ans, la soci\u00e9t\u00e9 OliKrom con\u00e7oit et produit des mat\u00e9riaux intelligents \u00e0 changement de couleur.","robots":{"index":"index","follow":"follow","max-snippet":"max-snippet:-1","max-image-preview":"max-image-preview:large","max-video-preview":"max-video-preview:-1"},"canonical":"https:\/\/www.olikrom.com\/fr\/blog\/actualites\/comment-allier-innovation-et-transition-energetique-et-ecologique\/","og_locale":"fr_FR","og_type":"article","og_title":"L'innovation, allier de la transition \u00e9nerg\u00e9tique et \u00e9cologique ?","og_description":"Depuis plus de 7 ans, la soci\u00e9t\u00e9 OliKrom con\u00e7oit et produit des mat\u00e9riaux intelligents \u00e0 changement de couleur.","og_url":"https:\/\/www.olikrom.com\/fr\/blog\/actualites\/comment-allier-innovation-et-transition-energetique-et-ecologique\/","og_site_name":"OliKrom","article_published_time":"2021-05-14T15:11:47+00:00","article_modified_time":"2023-04-28T09:16:54+00:00","og_image":[{"width":532,"height":251,"url":"https:\/\/www.olikrom.com\/wp-content\/uploads\/2021\/05\/bpi_logo-1.jpg","type":"image\/jpeg"}],"author":"olikrom","twitter_card":"summary_large_image","twitter_misc":{"\u00c9crit par":"olikrom","Dur\u00e9e de lecture estim\u00e9e":"4 minutes"},"schema":{"@context":"https:\/\/schema.org","@graph":[{"@type":"Article","@id":"https:\/\/www.olikrom.com\/fr\/blog\/actualites\/comment-allier-innovation-et-transition-energetique-et-ecologique\/#article","isPartOf":{"@id":"https:\/\/www.olikrom.com\/fr\/blog\/actualites\/comment-allier-innovation-et-transition-energetique-et-ecologique\/"},"author":{"name":"olikrom","@id":"https:\/\/www.olikrom.com\/fr\/#\/schema\/person\/9df28334ff037f296d71c6cf145904ca"},"headline":"Comment allier innovation et transition \u00e9nerg\u00e9tique et \u00e9cologique ?","datePublished":"2021-05-14T15:11:47+00:00","dateModified":"2023-04-28T09:16:54+00:00","mainEntityOfPage":{"@id":"https:\/\/www.olikrom.com\/fr\/blog\/actualites\/comment-allier-innovation-et-transition-energetique-et-ecologique\/"},"wordCount":671,"publisher":{"@id":"https:\/\/www.olikrom.com\/fr\/#organization"},"image":{"@id":"https:\/\/www.olikrom.com\/fr\/blog\/actualites\/comment-allier-innovation-et-transition-energetique-et-ecologique\/#primaryimage"},"thumbnailUrl":"https:\/\/www.olikrom.com\/wp-content\/uploads\/2021\/05\/bpi_logo-1.jpg","articleSection":["Actualit\u00e9s"],"inLanguage":"fr-FR"},{"@type":"WebPage","@id":"https:\/\/www.olikrom.com\/fr\/blog\/actualites\/comment-allier-innovation-et-transition-energetique-et-ecologique\/","url":"https:\/\/www.olikrom.com\/fr\/blog\/actualites\/comment-allier-innovation-et-transition-energetique-et-ecologique\/","name":"L'innovation, allier de la transition \u00e9nerg\u00e9tique et \u00e9cologique ?","isPartOf":{"@id":"https:\/\/www.olikrom.com\/fr\/#website"},"primaryImageOfPage":{"@id":"https:\/\/www.olikrom.com\/fr\/blog\/actualites\/comment-allier-innovation-et-transition-energetique-et-ecologique\/#primaryimage"},"image":{"@id":"https:\/\/www.olikrom.com\/fr\/blog\/actualites\/comment-allier-innovation-et-transition-energetique-et-ecologique\/#primaryimage"},"thumbnailUrl":"https:\/\/www.olikrom.com\/wp-content\/uploads\/2021\/05\/bpi_logo-1.jpg","datePublished":"2021-05-14T15:11:47+00:00","dateModified":"2023-04-28T09:16:54+00:00","description":"Depuis plus de 7 ans, la soci\u00e9t\u00e9 OliKrom con\u00e7oit et produit des mat\u00e9riaux intelligents \u00e0 changement de couleur.","breadcrumb":{"@id":"https:\/\/www.olikrom.com\/fr\/blog\/actualites\/comment-allier-innovation-et-transition-energetique-et-ecologique\/#breadcrumb"},"inLanguage":"fr-FR","potentialAction":[{"@type":"ReadAction","target":["https:\/\/www.olikrom.com\/fr\/blog\/actualites\/comment-allier-innovation-et-transition-energetique-et-ecologique\/"]}]},{"@type":"ImageObject","inLanguage":"fr-FR","@id":"https:\/\/www.olikrom.com\/fr\/blog\/actualites\/comment-allier-innovation-et-transition-energetique-et-ecologique\/#primaryimage","url":"https:\/\/www.olikrom.com\/wp-content\/uploads\/2021\/05\/bpi_logo-1.jpg","contentUrl":"https:\/\/www.olikrom.com\/wp-content\/uploads\/2021\/05\/bpi_logo-1.jpg","width":532,"height":251,"caption":"bpi_logo-1"},{"@type":"BreadcrumbList","@id":"https:\/\/www.olikrom.com\/fr\/blog\/actualites\/comment-allier-innovation-et-transition-energetique-et-ecologique\/#breadcrumb","itemListElement":[{"@type":"ListItem","position":1,"name":"Home","item":"https:\/\/www.olikrom.com\/fr\/"},{"@type":"ListItem","position":2,"name":"Comment allier innovation et transition \u00e9nerg\u00e9tique et \u00e9cologique ?"}]},{"@type":"WebSite","@id":"https:\/\/www.olikrom.com\/fr\/#website","url":"https:\/\/www.olikrom.com\/fr\/","name":"OliKrom","description":"","publisher":{"@id":"https:\/\/www.olikrom.com\/fr\/#organization"},"potentialAction":[{"@type":"SearchAction","target":{"@type":"EntryPoint","urlTemplate":"https:\/\/www.olikrom.com\/fr\/?s={search_term_string}"},"query-input":{"@type":"PropertyValueSpecification","valueRequired":true,"valueName":"search_term_string"}}],"inLanguage":"fr-FR"},{"@type":"Organization","@id":"https:\/\/www.olikrom.com\/fr\/#organization","name":"Olikrom","url":"https:\/\/www.olikrom.com\/fr\/","logo":{"@type":"ImageObject","inLanguage":"fr-FR","@id":"https:\/\/www.olikrom.com\/fr\/#\/schema\/logo\/image\/","url":"https:\/\/www.olikrom.com\/wp-content\/uploads\/2022\/01\/olikrom-logo-couleurs-2021-ok.png","contentUrl":"https:\/\/www.olikrom.com\/wp-content\/uploads\/2022\/01\/olikrom-logo-couleurs-2021-ok.png","width":285,"height":84,"caption":"Olikrom"},"image":{"@id":"https:\/\/www.olikrom.com\/fr\/#\/schema\/logo\/image\/"}},{"@type":"Person","@id":"https:\/\/www.olikrom.com\/fr\/#\/schema\/person\/9df28334ff037f296d71c6cf145904ca","name":"olikrom","image":{"@type":"ImageObject","inLanguage":"fr-FR","@id":"https:\/\/secure.gravatar.com\/avatar\/610dbff3ea490fd0b981b1b2f5a26a440c8e40f8f474fc7fb84a8ac9573692f1?s=96&d=mm&r=g","url":"https:\/\/secure.gravatar.com\/avatar\/610dbff3ea490fd0b981b1b2f5a26a440c8e40f8f474fc7fb84a8ac9573692f1?s=96&d=mm&r=g","contentUrl":"https:\/\/secure.gravatar.com\/avatar\/610dbff3ea490fd0b981b1b2f5a26a440c8e40f8f474fc7fb84a8ac9573692f1?s=96&d=mm&r=g","caption":"olikrom"}}]}},"_links":{"self":[{"href":"https:\/\/www.olikrom.com\/fr\/wp-json\/wp\/v2\/posts\/9180","targetHints":{"allow":["GET"]}}],"collection":[{"href":"https:\/\/www.olikrom.com\/fr\/wp-json\/wp\/v2\/posts"}],"about":[{"href":"https:\/\/www.olikrom.com\/fr\/wp-json\/wp\/v2\/types\/post"}],"author":[{"embeddable":true,"href":"https:\/\/www.olikrom.com\/fr\/wp-json\/wp\/v2\/users\/10"}],"replies":[{"embeddable":true,"href":"https:\/\/www.olikrom.com\/fr\/wp-json\/wp\/v2\/comments?post=9180"}],"version-history":[{"count":5,"href":"https:\/\/www.olikrom.com\/fr\/wp-json\/wp\/v2\/posts\/9180\/revisions"}],"predecessor-version":[{"id":34685,"href":"https:\/\/www.olikrom.com\/fr\/wp-json\/wp\/v2\/posts\/9180\/revisions\/34685"}],"wp:featuredmedia":[{"embeddable":true,"href":"https:\/\/www.olikrom.com\/fr\/wp-json\/wp\/v2\/media\/23087"}],"wp:attachment":[{"href":"https:\/\/www.olikrom.com\/fr\/wp-json\/wp\/v2\/media?parent=9180"}],"wp:term":[{"taxonomy":"category","embeddable":true,"href":"https:\/\/www.olikrom.com\/fr\/wp-json\/wp\/v2\/categories?post=9180"},{"taxonomy":"post_tag","embeddable":true,"href":"https:\/\/www.olikrom.com\/fr\/wp-json\/wp\/v2\/tags?post=9180"}],"curies":[{"name":"wp","href":"https:\/\/api.w.org\/{rel}","templated":true}]}}