{"id":7868,"date":"2018-04-03T18:49:41","date_gmt":"2018-04-03T17:49:41","guid":{"rendered":"https:\/\/www.olikrom.com\/?p=7868"},"modified":"2023-01-11T15:50:33","modified_gmt":"2023-01-11T13:50:33","slug":"diffusion-eco-tv7-bordeaux","status":"publish","type":"post","link":"https:\/\/www.olikrom.com\/fr\/blog\/actualite\/diffusion-eco-tv7-bordeaux\/","title":{"rendered":"Diffusion SO Eco TV7 Bordeaux : Alain Rousset et Jean-Fran\u00e7ois L\u00e9tard"},"content":{"rendered":"<h2>Alain Rousset, Pr\u00e9sident du Conseil r\u00e9gional de Nouvelle-Aquitaine et Jean-Fran\u00e7ois L\u00e9tard, directeur d&rsquo;OliKrom, invit\u00e9s de l&rsquo;\u00e9mission SO \u00c9co sur TV7 Bordeaux par Nicolas Cesar<\/h2>\n<p>Comment faire passer notre \u00e9conomie r\u00e9gionale \u00e0 la vitesse sup\u00e9rieure ? Comment amener les start-ups \u00e0 devenir des PME et transformer les PME en ETI ?<\/p>\n<p><iframe loading=\"lazy\" title=\"Interview Alain Rousset   OliKrom TV7 Juillet2018\" width=\"1016\" height=\"572\" src=\"https:\/\/www.youtube.com\/embed\/X6_07VbMUrU?feature=oembed&#038;enablejsapi=1&#038;origin=https:\/\/www.olikrom.com\" frameborder=\"0\" allow=\"accelerometer; autoplay; clipboard-write; encrypted-media; gyroscope; picture-in-picture; web-share\" allowfullscreen><\/iframe><\/p>\n<p style=\"margin: 0cm 0cm 2.25pt 0cm;\">\u00a0<\/p>\n<h3>Interview Alain Rousset OliKrom TV7<\/h3>\n<p><em>Journaliste\u00a0:<\/em> Bienvenue dans votre rendez-vous Eco. Alors, ce soir, nous allons parler de <strong>comment faire franchir un cap \u00e0 notre \u00e9conomie r\u00e9gionale<\/strong> avec deux visions, celle du politique Alain Rousset, pr\u00e9sident de la r\u00e9gion Nouvelle-Aquitaine, et celle d&rsquo;un entrepreneur, Jean-Fran\u00e7ois L\u00e9tard, qui est le pr\u00e9sident d\u2019OliKrom, qui est une belle soci\u00e9t\u00e9 \u00e0 Pessac, qui a con\u00e7u des pigments intelligents qui sont assez r\u00e9volutionnaires. Mais avant cela, un mot pr\u00e9sident, puisse que vous \u00eates avec nous sur le plateau, sur la SNCF ? Cette gr\u00e8ve dure.<\/p>\n<p><strong>Qu&rsquo;est-ce que vous en pensez ?<\/strong><\/p>\n<p><em>Alain Rousset\u00a0:<\/em> Rien sur la gr\u00e8ve. Je pense que c&rsquo;est un droit constitutionnel et l&rsquo;inqui\u00e9tude des cheminots est r\u00e9elle. Simplement, je ne voudrais pas que les r\u00e9gions soit la variable d&rsquo;ajustement de ce conflit. Les r\u00e9gions ont ressuscit\u00e9 les TER, ceux-l\u00e0 ne fonctionnent pas bien aujourd&rsquo;hui, le service public ne fonctionne pas bien.<\/p>\n<p>Les co\u00fbts, notamment de r\u00e9novation et de r\u00e9g\u00e9n\u00e9ration des lignes sont exorbitants. Donc il y a un probl\u00e8me d&rsquo;organisation. Il faut que tout cela soit travaill\u00e9 en concertation. Il faut qu&rsquo;il y ait une vraie ponctualit\u00e9, une vraie r\u00e9gularit\u00e9. Je crois aux lignes SNCF, je crois au service public, mais je ne peux plus accepter le prix qui m&rsquo;est donn\u00e9 aujourd&rsquo;hui pour les contribuables aquitains.<\/p>\n<p><em>Journaliste\u00a0:<\/em> Merci beaucoup, pr\u00e9sident. Nous entrons dans le c\u0153ur de notre d\u00e9bat. <strong>Comment faire franchir un cap \u00e0 notre \u00e9conomie r\u00e9gionale ? <\/strong>Nous disons souvent que Bordeaux, celle-ci manque de si\u00e8ges sociaux et que nous n&rsquo;arrivons pas \u00e0 attirer justement de grandes entreprises, que nos PME ne sont pas assez puissantes pour devenir des ETI.<\/p>\n<p><strong>Qu&rsquo;est ce qui nous manque pour avoir la taille critique d&rsquo;un \u00e9cosyst\u00e8me comme celui de Lyon dont nous avons tous envie aujourd&rsquo;hui ?<\/strong><\/p>\n<p><em>Alain Rousset\u00a0:<\/em> Je ne pense pas qu&rsquo;il faille comparer Bordeaux et Lyon, consid\u00e9rez que Lyon est la panac\u00e9e. Certes, il y a plus d&rsquo;entreprises familiales \u00e0 Lyon, mais le probl\u00e8me, c&rsquo;est l&rsquo;ensemble de la r\u00e9gion.<\/p>\n<p>La nouvelle \u00e9conomie est peut-\u00eatre en ville, mais les usines sont \u00e0 la campagne. Notre souci \u00e0 la r\u00e9gion continument, c&rsquo;est de faire en sorte que nous redressions le squelette de notre \u00e9conomie qui est l&rsquo;industrie. Que nous r\u00e9industrialisons ce que nous commen\u00e7ons \u00e0 faire puisque les chiffres actuels d&#8217;emplois industriels sont quatre fois sup\u00e9rieurs en termes d&rsquo;augmentation, que la France, vous les avez vu comme moi, d&rsquo;o\u00f9 leur usine du futur.<\/p>\n<p><em>Journaliste\u00a0:<\/em> \u00c7a, c&rsquo;est justement l&rsquo;une des cons\u00e9quences.<\/p>\n<p><em>Alain Rousset\u00a0:<\/em> <strong>Quelle est la panoplie de ce que nous avons mis en place ?<\/strong> D&rsquo;abord, premier constat notre appareil industriel manque de classes moyennes entreprises. \u00c7a s&rsquo;appelle les ETI, les entreprises de taille interm\u00e9diaire, \u00e7a s&rsquo;appelle les PME \u00e0 potentiel. Et face \u00e0 cela, nous avons de grands groupes qui sont inspir\u00e9s \u00e0 l&rsquo;international, qui ont eu leur r\u00f4le, mais<\/p>\n<p>qui aujourd&rsquo;hui ne vont pas r\u00e9industrialiser la France. Ceux qui vont r\u00e9industrialiser la France, ce sont les PME, les ETI et les starts up. <strong>Que fait la r\u00e9gion ?<\/strong> D&rsquo;abord, elle discute avec les grands groupes pour voir comment cr\u00e9er une esp\u00e8ce de syst\u00e8me pyramidal au niveau industriel. <strong>Comment je cr\u00e9e des ETI qui soient capables de s&rsquo;adosser elle-m\u00eame \u00e0 un \u00e9cosyst\u00e8me de PME ?<\/strong> J&rsquo;accompagne les PME \u00e0 potentiel pour qu&rsquo;elles deviennent des ETI. Nous accompagnons la cr\u00e9ation d&rsquo;entreprises. Mais ce qui est important dans la cr\u00e9ation d&rsquo;entreprise, c&rsquo;est le UP. Comment je fais pour qu\u2019un chercheur, quelqu&rsquo;un qui a une id\u00e9e de cr\u00e9ation d&rsquo;entreprise, puisse aller jusqu&rsquo;au bout de cette id\u00e9e, cela suppose de mettre en place des fonds propres. Or, aujourd&rsquo;hui, le syst\u00e8me de r\u00e9cup\u00e9ration de l&rsquo;\u00e9pargne est centralis\u00e9 \u00e0 Paris, ce qui est une catastrophe. Parce qu&rsquo;il faut aller vite, il faut avoir des fonds d&rsquo;investissement. Nous sommes en train de mettre en place un fonds d&rsquo;investissement de 250 millions\u00a0d&rsquo;euros pour \u00eatre capable d&rsquo;avoir des tickets entre cinq \u00e0 15 millions\u00a0d&rsquo;euros. Nous savons faire le reste.<\/p>\n<p><em>Journaliste\u00a0:<\/em> C&rsquo;est ce qui manque justement aux patrons aujourd&rsquo;hui. Vous, en tant que chef d&rsquo;entreprise, Jean-Fran\u00e7ois L\u00e9tard, vous \u00e9tiez chercheur auparavant. Vous \u00eates pass\u00e9 du c\u00f4t\u00e9 de la recherche jusqu\u2019\u00e0 l&rsquo;entreprise avec cette soci\u00e9t\u00e9 OliKrom \u00e0 Pessac. Qu&rsquo;est ce qui manque souvent pour vous les chefs d&rsquo;entreprise, pour vous aider \u00e0 grandir, sachant que nous sommes dans une comp\u00e9tition aujourd\u2019hui qui est mondiale ?<\/p>\n<p><em>Jean-Fran\u00e7ois\u00a0:<\/em> Vous le dites tr\u00e8s bien et juste pour bien que tout le monde saisisse, OliKrom \u00e0 trois ans. En trois ans, nous sommes sortis d&rsquo;un laboratoire, l&rsquo;Institut de chimie et de la mati\u00e8re condens\u00e9e de Bordeaux, et nous avons pass\u00e9 tous les stades, c&rsquo;est \u00e0 dire que nous \u00e9tions chercheurs en recherche fondamentale. Nous avons b\u00e9n\u00e9fici\u00e9, gr\u00e2ce \u00e0 la r\u00e9gion, d&rsquo;appuis pour nos recherches fondamentales sans avoir comme id\u00e9e de cr\u00e9er une entreprise. C&rsquo;est ce qu&rsquo;il faut bien comprendre, c&rsquo;est qu&rsquo;aujourd&rsquo;hui nos laboratoires Aquitains b\u00e9n\u00e9ficient de financements pour jouer les premiers r\u00f4les au niveau mondial de nos recherches.<\/p>\n<p>Il s&rsquo;est trouv\u00e9 dans l&rsquo;aventure que nos pigments que nous programmions \u00e0 changer de couleur avaient des applications pour avertir d&rsquo;un risque de br\u00fblure d&rsquo;un court-circuit par rapport \u00e0, je dirais, une \u00e9tincelle qui peut se provoquer dans un circuit \u00e9lectrique. Tout cela a fait qu&rsquo;il y a eu un besoin industriel pour la s\u00e9curit\u00e9 industrielle. Et donc, ce projet fondamental est parti vers la cr\u00e9ation d&rsquo;une entreprise.<\/p>\n<p>Nous avons eu la chance encore d&rsquo;\u00eatre accompagn\u00e9 par diff\u00e9rentes phases et d&rsquo;outils qui ont \u00e9t\u00e9 cr\u00e9\u00e9s au sein de la r\u00e9gion Aquitaine.<\/p>\n<p><em>Journaliste\u00a0:<\/em> <strong>Quelles sont les phases et outils qui ont \u00e9t\u00e9 cr\u00e9\u00e9s au sein de la r\u00e9gion Aquitaine notamment ? <\/strong><\/p>\n<p><em>Jean-Fran\u00e7ois\u00a0:<\/em> Par exemple la cellule de transfert. Celle-ci a permis que, pendant trois ans, sans trop savoir si nous \u00e9tions encore vraiment sur un positionnement d&rsquo;offre par rapport aux march\u00e9s existants, nous avons commenc\u00e9 \u00e0 rencontrer des industriels. Maintenant c&rsquo;est repris par Aquitaine Science Transfert. Mais cette \u00e9tape a \u00e9t\u00e9 importante parce que par la suite, quand nous avons d\u00e9cid\u00e9 de cr\u00e9er, nous avions des arguments devant les investisseurs qui ont fait que d\u00e8s lors de la premi\u00e8re lev\u00e9e de fonds, elle a \u00e9t\u00e9 tr\u00e8s rapide.<\/p>\n<p>Donc, nous sommes pass\u00e9 par cette phase d&rsquo;incubation. Ensuite, j&rsquo;ai \u00e9t\u00e9 faire \u00e0 HEC une pr\u00e9paration parce que nous ne devenons pas entrepreneur comme cela. Et puis tout s&rsquo;est emball\u00e9 rapidement. J&rsquo;ai \u00e9t\u00e9 accompagn\u00e9 par Bordeaux Unitec qui est tr\u00e8s important parce que pendant les premi\u00e8res \u00e9tapes, nous pouvons perdre le projet. Nous pouvons avoir une excellente id\u00e9e de projet, en revanche nous pouvons la perdre dans les premi\u00e8res ann\u00e9es parce que nous ne faisons pas les bonnes rencontres, parce que nous ne trouvons pas les bonnes lev\u00e9es de fonds, parce que nous n\u2019avons pas les bons appuis et nous ne cr\u00e9ons pas, parce que nous ne sommes pas capables d&rsquo;acc\u00e9der assez vite aux march\u00e9s.<\/p>\n<p>Donc \u00e7a, je dirais, les premi\u00e8res \u00e9tapes est le moment o\u00f9 nous pouvons perdre quelque part le contr\u00f4le du projet et donc perdre cette dynamique.<\/p>\n<p>Apr\u00e8s le passage apr\u00e8s la PME, c&rsquo;est \u00e0 dire comment nous acc\u00e9l\u00e9rons encore plus. Juste pour vous dire, l&rsquo;ann\u00e9e derni\u00e8re, nous avons sign\u00e9 plus de 50 contrats avec des grands groupes en un an. Rien que le juridique, c&rsquo;est quelque part quelque chose qui est tr\u00e8s difficile. Parce que faire relire tous nos contrats quand nous sommes une petite entreprise, c&rsquo;est quelque chose de difficile. On a embauch\u00e9 quelqu&rsquo;un tous les trois mois depuis la cr\u00e9ation, nous sommes quatorze. Il faut voir que chaque fois que quelqu&rsquo;un arrive, l&#8217;employ\u00e9 est en train de s&rsquo;inqui\u00e9ter.<\/p>\n<p>Il y a quelqu&rsquo;un de nouveau. Est ce qu&rsquo;il va lui prendre sa place ? Est-ce que nous faisons monter les gens en comp\u00e9tence puisque bien s\u00fbr, les premiers qui ont \u00e9t\u00e9 recrut\u00e9s aujourd&rsquo;hui encadrent la nouvelle \u00e9quipe. Donc on peut \u00e0 tout moment perdre le contr\u00f4le de l&rsquo;entreprise. Nous venons d&rsquo;acqu\u00e9rir un b\u00e2timent. Investissement de plus de 5 millions\u00a0d&rsquo;euros. Le banquier nous a suivi.<\/p>\n<p>Mais faire confiance \u00e0 une entreprise qui a moins de trois ans, qui va d\u00e9cider d&rsquo;investir. On a r\u00e9ussi \u00e0 rester \u00e0 Pessac et on en est fier parce qu\u2019\u00e0 Pessac il y a une richesse entre l&rsquo;universit\u00e9, entre tout ce qui bouge et autour de Pessac. Mais tout \u00e7a fait qu&rsquo;\u00e0 tout moment, si nous n\u2019allons pas assez vite, nous pouvons perdre le contr\u00f4le. Quand vous entendez tout \u00e7a Alain Rousset, qu&rsquo;est-ce que vous pouvez faire pour l&rsquo;aider \u00e0 cro\u00eetre encore plus vite, notamment \u00e0 l&rsquo;export ou \u00e7a c&rsquo;est l&rsquo;une des cl\u00e9s pour arriver \u00e0 avoir l&rsquo;entreprise qui cr\u00e9e le plus d&#8217;emplois possible.<\/p>\n<p>Je crois que l\u00e0, il faut bien voir dans l&rsquo;objectif qu&rsquo;on a coconstruit avec le monde de l&rsquo;entreprise, c&rsquo;est de d\u00e9sisoler le chef d&rsquo;entreprise, de d\u00e9sisoler le cr\u00e9ateur. Le paradoxe dans notre soci\u00e9t\u00e9, c&rsquo;est que ce qui est la derni\u00e8re soci\u00e9t\u00e9 centralis\u00e9e, d\u00e9mocratique, c&rsquo;est que la centralisation cr\u00e9e l&rsquo;isolement.<\/p>\n<p>Ce qu&rsquo;il faut, c&rsquo;est que nous travaillons par des clusters, des regroupements d&rsquo;entreprises que nous d\u00e9cloisonnons par rapport au syst\u00e8me de la formation et par rapport au syst\u00e8me de la recherche aussi. Apr\u00e8s, nous avons quatre dispositifs que nous sommes progressivement en train de mettre en place.<\/p>\n<p>D&rsquo;abord le dispositif UP de start up. Comment j&rsquo;acc\u00e9l\u00e8re avec des fonds propres, avec de la formation, avec des conseils. Non, c&rsquo;est les autres dispositifs qui existent. C&rsquo;est ce qu\u2019Unitec est en train de devenir avec cette possibilit\u00e9 de prendre par an une quinzaine de PME pour l&rsquo;accompagner plus rapidement vers le statut de PME et que surtout ces entreprises ne soient pas cannibalis\u00e9es soit par un grand groupe, soit par un fonds vautours. Parce que le probl\u00e8me de fonds propres est un probl\u00e8me crucial en France. Je n&rsquo;arrive pas \u00e0 le faire comprendre \u00e0 Paris parce que c&rsquo;est un pouvoir consid\u00e9rable que de concentrer 80 % de l&rsquo;\u00e9pargne fran\u00e7aise. Vous savez que l&rsquo;\u00e9pargne fran\u00e7aise, c&rsquo;est la plus importante statistiquement au monde avec l&rsquo;Allemagne. Donc c&rsquo;est un pouvoir consid\u00e9rable. C\u2019est pour cela que moi je voulais que la BPI fut r\u00e9gionalis\u00e9 comme en Allemagne. Ensuite, nous avons mis en place trois autres dispositifs. 1 dispositif \u00e0 l\u2019export, que nous avons pr\u00e9sent\u00e9 ce matin aux entreprises. Comment \u00e0 partir de 4 cibles, Japon, la Chine, l\u2019Allemagne, les Etats-Unis, on a les entreprises qui ont des rep\u00e8res. Comment elles vont \u00eatre accompagn\u00e9es sur place. Parce que partir tout seul aux Etats unis, \u00e0 New York, \u00e0 Francfort ou ailleurs, \u00e7a n\u2019a pas de sens si vous n\u2019avez pas pr\u00e9parez votre voyage. Il y a une pr\u00e9paration \u00e0 faire en amont que l\u2019on fait avec les chambres de commerce, \u00e7a c\u2019est le premier point et la r\u00e9gion prend en charge financi\u00e8rement ces 1,6 million d&rsquo;euro. Deuxi\u00e8me point, comment nous allons accompagner les chefs d&rsquo;entreprise pas qu&rsquo;au d\u00e9but mais sur leur parcours de croissance alors il y a trois programmes 1 que nous achetons \u00e0 la bpi qui l&rsquo;a initi\u00e9e au niveau national qui s&rsquo;appelle le programmes premium, comment un chef d&rsquo;entreprise va s&rsquo;engager sur un an et demi, deux ans \u00e0 une formation de haut niveau, cela va concerner 70 entreprises et puis il y a un autre projet d&rsquo;acc\u00e9l\u00e9rateur qui va concerner 500 entreprises qui va accompagner l\u00e0 aussi sur des temps peut-\u00eatre un peu plus court les chefs d&rsquo;entreprise pour qu\u2019il regarde quelles sont leurs forces et leurs faiblesses. Est-ce que c&rsquo;est l&rsquo;innovation, est ce que c&rsquo;est la gestion des ressources humaines, est-ce que c&rsquo;est l&rsquo;export, est ce que c&rsquo;est l&rsquo;organisation de l&rsquo;entreprise et puis il y a, puisqu&rsquo;on a cr\u00e9\u00e9 en r\u00e9gion, le programme de l&rsquo; usine du futur que le grand emprunt payal, le programme des investissements d&rsquo;avenir vient accompagner aujourd&rsquo;hui et qui va nous permettre l\u00e0 on vise en aquitaine 600 usines nouvelles, j&rsquo;esp\u00e8re que nous pourrons atteindre un chiffre plus important parce que concr\u00e8tement je tiens beaucoup moi le nom national c\u2019est l\u2019industrie du futur. Moi je tiens au mot \u00ab usine \u00bb parce que c&rsquo;est une Communaut\u00e9. Monsieur Jean francois L\u00e9tard, dans tout ce dispositif qu&rsquo;est ce qui vous int\u00e9resse et qu&rsquo;est ce qui va vous servir le plus dans les ann\u00e9es \u00e0 venir ? A cet acc\u00e9l\u00e9rateur, c&rsquo;est cette notion d&rsquo;acc\u00e9l\u00e9rateur. Nous sommes form\u00e9, quelque part on rencontre un \u00e9cosyst\u00e8me qui nous aide \u00e0 cr\u00e9er, mais apr\u00e8s parler deuxi\u00e8me lev\u00e9e de fond, aller chercher par la suite de nouveaux financements, g\u00e9rer la croissance de l\u00e0, je dirais de l&rsquo;\u00e9quipe qui cro\u00eet rapidement, aller \u00e0 l&rsquo;international tout \u00e7a c&rsquo;est un nouveau vocabulaire. OliKrom \u00e9tait une aventure individuelle, aujourd&rsquo;hui on est une \u00e9quipe d\u00e9j\u00e0, c&rsquo;est une aventure collective mais le d\u00e9fi maintenant c&rsquo;est de r\u00e9ussir. Nous sommes dans la notion des deep tech c&rsquo;est \u00e0 dire ces technologies de rupture qui sont en train de changer l&rsquo;univers. Imaginez les couleurs qui change autour de nous, tout ce qu&rsquo;on va pouvoir en faire. Cela a des int\u00e9r\u00eats sur la route pour la suite, nous avons des contrats avec le groupe Eiffage, mais aussi dans l&rsquo;a\u00e9ronautique avec le groupe Airbus. Nous avons je dirais un grand nombre d&rsquo;acteurs un peu partout, il faut arriver \u00e0 r\u00e9ussir cette croissance et c&rsquo;est vrai que nous allons devoir parler \u00e0 notre vocabulaire par exemple aujourd&rsquo;hui on suit une formation puisque nous sommes l\u2019une des 30 entreprises s\u00e9lectionn\u00e9es \u00e0 l&rsquo;\u00e9chelle fran\u00e7aise pour pr\u00e9parer une \u00e9ventuelle introduction en bourse. Parce que l\u00e0 aussi il faut savoir l\u2019anticiper, le pr\u00e9parer en amont et donc rejoindre des acc\u00e9l\u00e9rateurs comme \u00e7a, \u00eatre quelque part mutualis\u00e9 avec d&rsquo;autres chefs d&rsquo;entreprise \u00e7a permet de capitaliser de l&rsquo;exp\u00e9rience et donc d&rsquo;aller plus vite et d&rsquo;\u00e9viter des pi\u00e8ges comme un coll\u00e8gue \u00e0 peut-\u00eatre rencontrer de fa\u00e7on \u00e0 pouvoir aller mieux.<\/p>\n<p><strong>Est-ce que vous vous \u00eates favorable justement Alain Rousset\u00a0?<\/strong> Est-ce que ces soci\u00e9t\u00e9s entrent en bourse prometteuse, est ce que forc\u00e9ment elles ont besoin de passer par la bourse quand elles ont ce potentiel\u00a0? D&rsquo;abord je ne conseillerais pas Jean-Fran\u00e7ois L\u00e9tard, j&rsquo;ai beaucoup de chefs d&rsquo;entreprises qui sont pass\u00e9s en bourse et bon, c&rsquo;est un peu compliqu\u00e9. L&rsquo;essentiel pour nous mais \u00e7a c&rsquo;est \u00e0 lui de le d\u00e9cider et \u00e0 son conseil d&rsquo;administration c&rsquo;est que l&rsquo;\u00e9quipe qui a cr\u00e9\u00e9 l&rsquo;entreprise, Jean-Fran\u00e7ois L\u00e9tard lui-m\u00eame garde le pilotage de cette entreprise parce que c&rsquo;est lui qui a tous dans la t\u00eate, c&rsquo;est lui et son \u00e9quipe. Parce que, ce qui fait la force de l\u2019Allemagne aujourd&rsquo;hui, ce qui fait la force aussi d&rsquo;autres r\u00e9gions en France, moi j&rsquo;observe dans la Vend\u00e9e les entreprises familiales qui ont un potentiel de croissance consid\u00e9rable. Mais il faut mettre en place les outils, \u00e7a s&rsquo;appelle la formation du chef d&rsquo;entreprise ou d&rsquo;une partie de son \u00e9quipe, \u00e7a s&rsquo;appelle les fonds propres, \u00e7a s&rsquo;appelle l&rsquo;accompagnement \u00e0 l&rsquo;innovation, \u00e7a s&rsquo;appelle venant de la recherche puis il garde ses capteurs d&rsquo;\u00eatre toujours branch\u00e9 sur les labos parce que c&rsquo;est cette coop\u00e9ration qui est importante voil\u00e0 donc je crois que nous sommes en phrase oui.<\/p>\n<p><em>Journaliste\u00a0:<\/em> Merci beaucoup \u00e0 tous les deux et on se retrouve \u00e9videmment la semaine prochaine m\u00eame heure sur tv7 bien s\u00fbr.<\/p>\n","protected":false},"excerpt":{"rendered":"<p>Alain Rousset, Pr\u00e9sident du Conseil r\u00e9gional de Nouvelle-Aquitaine et Jean-Fran\u00e7ois L\u00e9tard, directeur d&rsquo;OliKrom, invit\u00e9s de l&rsquo;\u00e9mission SO \u00c9co sur TV7 Bordeaux par Nicolas Cesar Comment faire passer notre \u00e9conomie [&hellip;]<\/p>\n","protected":false},"author":10,"featured_media":23183,"comment_status":"closed","ping_status":"closed","sticky":false,"template":"","format":"standard","meta":{"inline_featured_image":false,"footnotes":""},"categories":[367],"tags":[],"class_list":["post-7868","post","type-post","status-publish","format-standard","has-post-thumbnail","hentry","category-actualites"],"yoast_head":"<!-- This site is optimized with the Yoast SEO plugin v27.5 - https:\/\/yoast.com\/product\/yoast-seo-wordpress\/ -->\n<title>TV7 Bordeaux : Alain Rousset et Jean-Fran\u00e7ois L\u00e9tard - OliKrom<\/title>\n<meta name=\"description\" content=\"Alain Rousset, pr\u00e9sident du Conseil r\u00e9gional de Nouvelle-Aquitaine et Jean-Fran\u00e7ois L\u00e9tard, r\u00e9alisateur d&#039;OliKrom sur Tv7 - Nicolas Cesar\" \/>\n<meta name=\"robots\" content=\"index, follow, max-snippet:-1, max-image-preview:large, max-video-preview:-1\" \/>\n<link rel=\"canonical\" href=\"https:\/\/www.olikrom.com\/fr\/blog\/actualite\/diffusion-eco-tv7-bordeaux\/\" \/>\n<meta property=\"og:locale\" content=\"fr_FR\" \/>\n<meta property=\"og:type\" content=\"article\" \/>\n<meta property=\"og:title\" content=\"TV7 Bordeaux : Alain Rousset et Jean-Fran\u00e7ois L\u00e9tard - OliKrom\" \/>\n<meta property=\"og:description\" content=\"Alain Rousset, pr\u00e9sident du Conseil r\u00e9gional de Nouvelle-Aquitaine et Jean-Fran\u00e7ois L\u00e9tard, r\u00e9alisateur d&#039;OliKrom sur Tv7 - Nicolas Cesar\" \/>\n<meta property=\"og:url\" content=\"https:\/\/www.olikrom.com\/fr\/blog\/actualite\/diffusion-eco-tv7-bordeaux\/\" \/>\n<meta property=\"og:site_name\" content=\"OliKrom\" \/>\n<meta property=\"article:published_time\" content=\"2018-04-03T17:49:41+00:00\" \/>\n<meta property=\"article:modified_time\" content=\"2023-01-11T13:50:33+00:00\" \/>\n<meta property=\"og:image\" content=\"https:\/\/www.olikrom.com\/wp-content\/uploads\/2018\/04\/logo_conseil_regional_nouvelle_aquitaine_blog.jpg\" \/>\n\t<meta property=\"og:image:width\" content=\"532\" \/>\n\t<meta property=\"og:image:height\" content=\"251\" \/>\n\t<meta property=\"og:image:type\" content=\"image\/jpeg\" \/>\n<meta name=\"author\" content=\"olikrom\" \/>\n<meta name=\"twitter:card\" content=\"summary_large_image\" \/>\n<meta name=\"twitter:label1\" content=\"\u00c9crit par\" \/>\n\t<meta name=\"twitter:data1\" content=\"olikrom\" \/>\n\t<meta name=\"twitter:label2\" content=\"Dur\u00e9e de lecture estim\u00e9e\" \/>\n\t<meta name=\"twitter:data2\" content=\"1 minute\" \/>\n<script type=\"application\/ld+json\" class=\"yoast-schema-graph\">{\"@context\":\"https:\\\/\\\/schema.org\",\"@graph\":[{\"@type\":\"Article\",\"@id\":\"https:\\\/\\\/www.olikrom.com\\\/fr\\\/blog\\\/actualite\\\/diffusion-eco-tv7-bordeaux\\\/#article\",\"isPartOf\":{\"@id\":\"https:\\\/\\\/www.olikrom.com\\\/fr\\\/blog\\\/actualite\\\/diffusion-eco-tv7-bordeaux\\\/\"},\"author\":{\"name\":\"olikrom\",\"@id\":\"https:\\\/\\\/www.olikrom.com\\\/fr\\\/#\\\/schema\\\/person\\\/9df28334ff037f296d71c6cf145904ca\"},\"headline\":\"Diffusion SO Eco TV7 Bordeaux : Alain Rousset et Jean-Fran\u00e7ois L\u00e9tard\",\"datePublished\":\"2018-04-03T17:49:41+00:00\",\"dateModified\":\"2023-01-11T13:50:33+00:00\",\"mainEntityOfPage\":{\"@id\":\"https:\\\/\\\/www.olikrom.com\\\/fr\\\/blog\\\/actualite\\\/diffusion-eco-tv7-bordeaux\\\/\"},\"wordCount\":2892,\"publisher\":{\"@id\":\"https:\\\/\\\/www.olikrom.com\\\/fr\\\/#organization\"},\"image\":{\"@id\":\"https:\\\/\\\/www.olikrom.com\\\/fr\\\/blog\\\/actualite\\\/diffusion-eco-tv7-bordeaux\\\/#primaryimage\"},\"thumbnailUrl\":\"https:\\\/\\\/www.olikrom.com\\\/wp-content\\\/uploads\\\/2018\\\/04\\\/logo_conseil_regional_nouvelle_aquitaine_blog.jpg\",\"articleSection\":[\"Actualit\u00e9s\"],\"inLanguage\":\"fr-FR\"},{\"@type\":\"WebPage\",\"@id\":\"https:\\\/\\\/www.olikrom.com\\\/fr\\\/blog\\\/actualite\\\/diffusion-eco-tv7-bordeaux\\\/\",\"url\":\"https:\\\/\\\/www.olikrom.com\\\/fr\\\/blog\\\/actualite\\\/diffusion-eco-tv7-bordeaux\\\/\",\"name\":\"TV7 Bordeaux : Alain Rousset et Jean-Fran\u00e7ois L\u00e9tard - OliKrom\",\"isPartOf\":{\"@id\":\"https:\\\/\\\/www.olikrom.com\\\/fr\\\/#website\"},\"primaryImageOfPage\":{\"@id\":\"https:\\\/\\\/www.olikrom.com\\\/fr\\\/blog\\\/actualite\\\/diffusion-eco-tv7-bordeaux\\\/#primaryimage\"},\"image\":{\"@id\":\"https:\\\/\\\/www.olikrom.com\\\/fr\\\/blog\\\/actualite\\\/diffusion-eco-tv7-bordeaux\\\/#primaryimage\"},\"thumbnailUrl\":\"https:\\\/\\\/www.olikrom.com\\\/wp-content\\\/uploads\\\/2018\\\/04\\\/logo_conseil_regional_nouvelle_aquitaine_blog.jpg\",\"datePublished\":\"2018-04-03T17:49:41+00:00\",\"dateModified\":\"2023-01-11T13:50:33+00:00\",\"description\":\"Alain Rousset, pr\u00e9sident du Conseil r\u00e9gional de Nouvelle-Aquitaine et Jean-Fran\u00e7ois L\u00e9tard, r\u00e9alisateur d'OliKrom sur Tv7 - Nicolas Cesar\",\"breadcrumb\":{\"@id\":\"https:\\\/\\\/www.olikrom.com\\\/fr\\\/blog\\\/actualite\\\/diffusion-eco-tv7-bordeaux\\\/#breadcrumb\"},\"inLanguage\":\"fr-FR\",\"potentialAction\":[{\"@type\":\"ReadAction\",\"target\":[\"https:\\\/\\\/www.olikrom.com\\\/fr\\\/blog\\\/actualite\\\/diffusion-eco-tv7-bordeaux\\\/\"]}]},{\"@type\":\"ImageObject\",\"inLanguage\":\"fr-FR\",\"@id\":\"https:\\\/\\\/www.olikrom.com\\\/fr\\\/blog\\\/actualite\\\/diffusion-eco-tv7-bordeaux\\\/#primaryimage\",\"url\":\"https:\\\/\\\/www.olikrom.com\\\/wp-content\\\/uploads\\\/2018\\\/04\\\/logo_conseil_regional_nouvelle_aquitaine_blog.jpg\",\"contentUrl\":\"https:\\\/\\\/www.olikrom.com\\\/wp-content\\\/uploads\\\/2018\\\/04\\\/logo_conseil_regional_nouvelle_aquitaine_blog.jpg\",\"width\":532,\"height\":251,\"caption\":\"logo_conseil_regional_nouvelle_aquitaine_blog\"},{\"@type\":\"BreadcrumbList\",\"@id\":\"https:\\\/\\\/www.olikrom.com\\\/fr\\\/blog\\\/actualite\\\/diffusion-eco-tv7-bordeaux\\\/#breadcrumb\",\"itemListElement\":[{\"@type\":\"ListItem\",\"position\":1,\"name\":\"Home\",\"item\":\"https:\\\/\\\/www.olikrom.com\\\/fr\\\/\"},{\"@type\":\"ListItem\",\"position\":2,\"name\":\"Diffusion SO Eco TV7 Bordeaux : Alain Rousset et Jean-Fran\u00e7ois L\u00e9tard\"}]},{\"@type\":\"WebSite\",\"@id\":\"https:\\\/\\\/www.olikrom.com\\\/fr\\\/#website\",\"url\":\"https:\\\/\\\/www.olikrom.com\\\/fr\\\/\",\"name\":\"OliKrom\",\"description\":\"\",\"publisher\":{\"@id\":\"https:\\\/\\\/www.olikrom.com\\\/fr\\\/#organization\"},\"potentialAction\":[{\"@type\":\"SearchAction\",\"target\":{\"@type\":\"EntryPoint\",\"urlTemplate\":\"https:\\\/\\\/www.olikrom.com\\\/fr\\\/?s={search_term_string}\"},\"query-input\":{\"@type\":\"PropertyValueSpecification\",\"valueRequired\":true,\"valueName\":\"search_term_string\"}}],\"inLanguage\":\"fr-FR\"},{\"@type\":\"Organization\",\"@id\":\"https:\\\/\\\/www.olikrom.com\\\/fr\\\/#organization\",\"name\":\"Olikrom\",\"url\":\"https:\\\/\\\/www.olikrom.com\\\/fr\\\/\",\"logo\":{\"@type\":\"ImageObject\",\"inLanguage\":\"fr-FR\",\"@id\":\"https:\\\/\\\/www.olikrom.com\\\/fr\\\/#\\\/schema\\\/logo\\\/image\\\/\",\"url\":\"https:\\\/\\\/www.olikrom.com\\\/wp-content\\\/uploads\\\/2022\\\/01\\\/olikrom-logo-couleurs-2021-ok.png\",\"contentUrl\":\"https:\\\/\\\/www.olikrom.com\\\/wp-content\\\/uploads\\\/2022\\\/01\\\/olikrom-logo-couleurs-2021-ok.png\",\"width\":285,\"height\":84,\"caption\":\"Olikrom\"},\"image\":{\"@id\":\"https:\\\/\\\/www.olikrom.com\\\/fr\\\/#\\\/schema\\\/logo\\\/image\\\/\"}},{\"@type\":\"Person\",\"@id\":\"https:\\\/\\\/www.olikrom.com\\\/fr\\\/#\\\/schema\\\/person\\\/9df28334ff037f296d71c6cf145904ca\",\"name\":\"olikrom\",\"image\":{\"@type\":\"ImageObject\",\"inLanguage\":\"fr-FR\",\"@id\":\"https:\\\/\\\/secure.gravatar.com\\\/avatar\\\/610dbff3ea490fd0b981b1b2f5a26a440c8e40f8f474fc7fb84a8ac9573692f1?s=96&d=mm&r=g\",\"url\":\"https:\\\/\\\/secure.gravatar.com\\\/avatar\\\/610dbff3ea490fd0b981b1b2f5a26a440c8e40f8f474fc7fb84a8ac9573692f1?s=96&d=mm&r=g\",\"contentUrl\":\"https:\\\/\\\/secure.gravatar.com\\\/avatar\\\/610dbff3ea490fd0b981b1b2f5a26a440c8e40f8f474fc7fb84a8ac9573692f1?s=96&d=mm&r=g\",\"caption\":\"olikrom\"}}]}<\/script>\n<!-- \/ Yoast SEO plugin. -->","yoast_head_json":{"title":"TV7 Bordeaux : Alain Rousset et Jean-Fran\u00e7ois L\u00e9tard - OliKrom","description":"Alain Rousset, pr\u00e9sident du Conseil r\u00e9gional de Nouvelle-Aquitaine et Jean-Fran\u00e7ois L\u00e9tard, r\u00e9alisateur d'OliKrom sur Tv7 - Nicolas Cesar","robots":{"index":"index","follow":"follow","max-snippet":"max-snippet:-1","max-image-preview":"max-image-preview:large","max-video-preview":"max-video-preview:-1"},"canonical":"https:\/\/www.olikrom.com\/fr\/blog\/actualite\/diffusion-eco-tv7-bordeaux\/","og_locale":"fr_FR","og_type":"article","og_title":"TV7 Bordeaux : Alain Rousset et Jean-Fran\u00e7ois L\u00e9tard - OliKrom","og_description":"Alain Rousset, pr\u00e9sident du Conseil r\u00e9gional de Nouvelle-Aquitaine et Jean-Fran\u00e7ois L\u00e9tard, r\u00e9alisateur d'OliKrom sur Tv7 - Nicolas Cesar","og_url":"https:\/\/www.olikrom.com\/fr\/blog\/actualite\/diffusion-eco-tv7-bordeaux\/","og_site_name":"OliKrom","article_published_time":"2018-04-03T17:49:41+00:00","article_modified_time":"2023-01-11T13:50:33+00:00","og_image":[{"width":532,"height":251,"url":"https:\/\/www.olikrom.com\/wp-content\/uploads\/2018\/04\/logo_conseil_regional_nouvelle_aquitaine_blog.jpg","type":"image\/jpeg"}],"author":"olikrom","twitter_card":"summary_large_image","twitter_misc":{"\u00c9crit par":"olikrom","Dur\u00e9e de lecture estim\u00e9e":"1 minute"},"schema":{"@context":"https:\/\/schema.org","@graph":[{"@type":"Article","@id":"https:\/\/www.olikrom.com\/fr\/blog\/actualite\/diffusion-eco-tv7-bordeaux\/#article","isPartOf":{"@id":"https:\/\/www.olikrom.com\/fr\/blog\/actualite\/diffusion-eco-tv7-bordeaux\/"},"author":{"name":"olikrom","@id":"https:\/\/www.olikrom.com\/fr\/#\/schema\/person\/9df28334ff037f296d71c6cf145904ca"},"headline":"Diffusion SO Eco TV7 Bordeaux : Alain Rousset et Jean-Fran\u00e7ois L\u00e9tard","datePublished":"2018-04-03T17:49:41+00:00","dateModified":"2023-01-11T13:50:33+00:00","mainEntityOfPage":{"@id":"https:\/\/www.olikrom.com\/fr\/blog\/actualite\/diffusion-eco-tv7-bordeaux\/"},"wordCount":2892,"publisher":{"@id":"https:\/\/www.olikrom.com\/fr\/#organization"},"image":{"@id":"https:\/\/www.olikrom.com\/fr\/blog\/actualite\/diffusion-eco-tv7-bordeaux\/#primaryimage"},"thumbnailUrl":"https:\/\/www.olikrom.com\/wp-content\/uploads\/2018\/04\/logo_conseil_regional_nouvelle_aquitaine_blog.jpg","articleSection":["Actualit\u00e9s"],"inLanguage":"fr-FR"},{"@type":"WebPage","@id":"https:\/\/www.olikrom.com\/fr\/blog\/actualite\/diffusion-eco-tv7-bordeaux\/","url":"https:\/\/www.olikrom.com\/fr\/blog\/actualite\/diffusion-eco-tv7-bordeaux\/","name":"TV7 Bordeaux : Alain Rousset et Jean-Fran\u00e7ois L\u00e9tard - OliKrom","isPartOf":{"@id":"https:\/\/www.olikrom.com\/fr\/#website"},"primaryImageOfPage":{"@id":"https:\/\/www.olikrom.com\/fr\/blog\/actualite\/diffusion-eco-tv7-bordeaux\/#primaryimage"},"image":{"@id":"https:\/\/www.olikrom.com\/fr\/blog\/actualite\/diffusion-eco-tv7-bordeaux\/#primaryimage"},"thumbnailUrl":"https:\/\/www.olikrom.com\/wp-content\/uploads\/2018\/04\/logo_conseil_regional_nouvelle_aquitaine_blog.jpg","datePublished":"2018-04-03T17:49:41+00:00","dateModified":"2023-01-11T13:50:33+00:00","description":"Alain Rousset, pr\u00e9sident du Conseil r\u00e9gional de Nouvelle-Aquitaine et Jean-Fran\u00e7ois L\u00e9tard, r\u00e9alisateur d'OliKrom sur Tv7 - Nicolas Cesar","breadcrumb":{"@id":"https:\/\/www.olikrom.com\/fr\/blog\/actualite\/diffusion-eco-tv7-bordeaux\/#breadcrumb"},"inLanguage":"fr-FR","potentialAction":[{"@type":"ReadAction","target":["https:\/\/www.olikrom.com\/fr\/blog\/actualite\/diffusion-eco-tv7-bordeaux\/"]}]},{"@type":"ImageObject","inLanguage":"fr-FR","@id":"https:\/\/www.olikrom.com\/fr\/blog\/actualite\/diffusion-eco-tv7-bordeaux\/#primaryimage","url":"https:\/\/www.olikrom.com\/wp-content\/uploads\/2018\/04\/logo_conseil_regional_nouvelle_aquitaine_blog.jpg","contentUrl":"https:\/\/www.olikrom.com\/wp-content\/uploads\/2018\/04\/logo_conseil_regional_nouvelle_aquitaine_blog.jpg","width":532,"height":251,"caption":"logo_conseil_regional_nouvelle_aquitaine_blog"},{"@type":"BreadcrumbList","@id":"https:\/\/www.olikrom.com\/fr\/blog\/actualite\/diffusion-eco-tv7-bordeaux\/#breadcrumb","itemListElement":[{"@type":"ListItem","position":1,"name":"Home","item":"https:\/\/www.olikrom.com\/fr\/"},{"@type":"ListItem","position":2,"name":"Diffusion SO Eco TV7 Bordeaux : Alain Rousset et Jean-Fran\u00e7ois L\u00e9tard"}]},{"@type":"WebSite","@id":"https:\/\/www.olikrom.com\/fr\/#website","url":"https:\/\/www.olikrom.com\/fr\/","name":"OliKrom","description":"","publisher":{"@id":"https:\/\/www.olikrom.com\/fr\/#organization"},"potentialAction":[{"@type":"SearchAction","target":{"@type":"EntryPoint","urlTemplate":"https:\/\/www.olikrom.com\/fr\/?s={search_term_string}"},"query-input":{"@type":"PropertyValueSpecification","valueRequired":true,"valueName":"search_term_string"}}],"inLanguage":"fr-FR"},{"@type":"Organization","@id":"https:\/\/www.olikrom.com\/fr\/#organization","name":"Olikrom","url":"https:\/\/www.olikrom.com\/fr\/","logo":{"@type":"ImageObject","inLanguage":"fr-FR","@id":"https:\/\/www.olikrom.com\/fr\/#\/schema\/logo\/image\/","url":"https:\/\/www.olikrom.com\/wp-content\/uploads\/2022\/01\/olikrom-logo-couleurs-2021-ok.png","contentUrl":"https:\/\/www.olikrom.com\/wp-content\/uploads\/2022\/01\/olikrom-logo-couleurs-2021-ok.png","width":285,"height":84,"caption":"Olikrom"},"image":{"@id":"https:\/\/www.olikrom.com\/fr\/#\/schema\/logo\/image\/"}},{"@type":"Person","@id":"https:\/\/www.olikrom.com\/fr\/#\/schema\/person\/9df28334ff037f296d71c6cf145904ca","name":"olikrom","image":{"@type":"ImageObject","inLanguage":"fr-FR","@id":"https:\/\/secure.gravatar.com\/avatar\/610dbff3ea490fd0b981b1b2f5a26a440c8e40f8f474fc7fb84a8ac9573692f1?s=96&d=mm&r=g","url":"https:\/\/secure.gravatar.com\/avatar\/610dbff3ea490fd0b981b1b2f5a26a440c8e40f8f474fc7fb84a8ac9573692f1?s=96&d=mm&r=g","contentUrl":"https:\/\/secure.gravatar.com\/avatar\/610dbff3ea490fd0b981b1b2f5a26a440c8e40f8f474fc7fb84a8ac9573692f1?s=96&d=mm&r=g","caption":"olikrom"}}]}},"_links":{"self":[{"href":"https:\/\/www.olikrom.com\/fr\/wp-json\/wp\/v2\/posts\/7868","targetHints":{"allow":["GET"]}}],"collection":[{"href":"https:\/\/www.olikrom.com\/fr\/wp-json\/wp\/v2\/posts"}],"about":[{"href":"https:\/\/www.olikrom.com\/fr\/wp-json\/wp\/v2\/types\/post"}],"author":[{"embeddable":true,"href":"https:\/\/www.olikrom.com\/fr\/wp-json\/wp\/v2\/users\/10"}],"replies":[{"embeddable":true,"href":"https:\/\/www.olikrom.com\/fr\/wp-json\/wp\/v2\/comments?post=7868"}],"version-history":[{"count":6,"href":"https:\/\/www.olikrom.com\/fr\/wp-json\/wp\/v2\/posts\/7868\/revisions"}],"predecessor-version":[{"id":33053,"href":"https:\/\/www.olikrom.com\/fr\/wp-json\/wp\/v2\/posts\/7868\/revisions\/33053"}],"wp:featuredmedia":[{"embeddable":true,"href":"https:\/\/www.olikrom.com\/fr\/wp-json\/wp\/v2\/media\/23183"}],"wp:attachment":[{"href":"https:\/\/www.olikrom.com\/fr\/wp-json\/wp\/v2\/media?parent=7868"}],"wp:term":[{"taxonomy":"category","embeddable":true,"href":"https:\/\/www.olikrom.com\/fr\/wp-json\/wp\/v2\/categories?post=7868"},{"taxonomy":"post_tag","embeddable":true,"href":"https:\/\/www.olikrom.com\/fr\/wp-json\/wp\/v2\/tags?post=7868"}],"curies":[{"name":"wp","href":"https:\/\/api.w.org\/{rel}","templated":true}]}}