{"id":7579,"date":"2018-03-29T17:06:37","date_gmt":"2018-03-29T16:06:37","guid":{"rendered":"https:\/\/www.olikrom.com\/?p=7579"},"modified":"2022-11-18T18:31:53","modified_gmt":"2022-11-18T16:31:53","slug":"meeting-soflab-olikrom-cercle-arbalete-forces-speciales","status":"publish","type":"post","link":"https:\/\/www.olikrom.com\/fr\/blog\/actualites\/olikrom-forces-speciales\/","title":{"rendered":"OliKrom s\u00e9lectionn\u00e9e pour rencontrer les Forces Sp\u00e9ciales"},"content":{"rendered":"<div id=\"pl-7579\"  class=\"panel-layout\" ><div id=\"pg-7579-0\"  class=\"panel-grid panel-no-style\" ><div id=\"pgc-7579-0-0\"  class=\"panel-grid-cell\" ><div id=\"panel-7579-0-0-0\" class=\"so-panel widget widget_sow-editor panel-first-child panel-last-child\" data-index=\"0\" ><div\n\t\t\t\n\t\t\tclass=\"so-widget-sow-editor so-widget-sow-editor-base\"\n\t\t\t\n\t\t>\n<div class=\"siteorigin-widget-tinymce textwidget\">\n\t<h2>OliKrom pr\u00e9sente ses technologies innovantes devant 400 personnes<img loading=\"lazy\" decoding=\"async\" class=\"aligncenter wp-image-22998 size-full\" title=\"olikrom-rencontre-forces-speciales-soflab\" src=\"https:\/\/www.olikrom.com\/wp-content\/uploads\/2018\/03\/olikrom-meeting-forces-speciales-soflab.jpg\" alt=\"olikrom-rencontre-forces-speciales-soflab\" width=\"532\" height=\"251\" srcset=\"https:\/\/www.olikrom.com\/wp-content\/uploads\/2018\/03\/olikrom-meeting-forces-speciales-soflab.jpg 532w, https:\/\/www.olikrom.com\/wp-content\/uploads\/2018\/03\/olikrom-meeting-forces-speciales-soflab-300x142.jpg 300w\" sizes=\"auto, (max-width: 532px) 100vw, 532px\" \/><\/h2>\n<p style=\"text-align: justify;\">OliKrom s\u00e9lectionn\u00e9e par le <a href=\"https:\/\/cercledelarbalete.org\" target=\"_blank\" rel=\"noopener\">Cercle de l\u2019Arbal\u00e8te<\/a> pour rencontrer les Forces Sp\u00e9ciales lors du meeting SOFLAB du 29 mars 2018. Cet \u00e9v\u00e9nement organis\u00e9 par le Cercle de l'Arbal\u00e8te a pour objectif de r\u00e9unir une s\u00e9lection de Start-up et les forces sp\u00e9ciales.<\/p>\n<p style=\"text-align: justify;\">Apr\u00e8s une pr\u00e9s\u00e9lection de +70 start-up, <strong>25 strat-up ont \u00e9t\u00e9 invit\u00e9es<\/strong> \u00e0 pr\u00e9senter leurs technologies devant un amphi de 400 personnes, dont une moiti\u00e9 de militaires. Tous les grands services des forces sp\u00e9ciales \u00e9taient repr\u00e9sent\u00e9s ainsi que de nombreux responsables militaires et industriels. L'intervention de trois grands groupes (Airbus, Tahles, Safran) et la BPI (Banque publique d\u2019investissement) sont venus compl\u00e9t\u00e9s le programme de la journ\u00e9e.<\/p>\n<p style=\"text-align: justify;\"><strong>OliKrom a donc \u00e9t\u00e9 s\u00e9lectionn\u00e9e pour venir pr\u00e9senter ses <a href=\"https:\/\/www.olikrom.com\/fr\/intelligence-des-couleurs\/\">technologies \u00e0 changement de couleur programm\u00e9<\/a><\/strong>. Ce meeting a \u00e9t\u00e9 le lieu id\u00e9al pour\u00a0rencontrer les prescripteurs et appr\u00e9hender au mieux les besoins futurs des forces arm\u00e9es.<\/p>\n<p style=\"text-align: justify;\">Les mat\u00e9riaux \u00e0 changement de couleur et l'intelligence associ\u00e9e ma\u00eetris\u00e9e par les experts d'OliKrom offrent de mutiples sources d'applications au sein des Forces Sp\u00e9ciales, notamment la s\u00e9curit\u00e9.<\/p>\n<p>L'\u00e9quipe OliKrom\u00a0souhaite remercier les organisateurs du Cercle de l\u2019Arbal\u00e8te pour cette manifestation.<\/p>\n<h3>Pour en savoir plus sur le\u00a0Cercle de l\u2019Arbal\u00e8te<\/h3>\n<p style=\"text-align: justify;\">Le Cercle de l\u2019Arbal\u00e8te est une association qui a \u00e9t\u00e9 cr\u00e9\u00e9e dans le but de promouvoir l\u2019esprit d\u2019innovation des Forces Sp\u00e9ciales et des entreprises ainsi que de poursuivre les r\u00e9flexions li\u00e9es aux d\u00e9fis techniques des Op\u00e9rations Sp\u00e9ciales du futur.<\/p>\n<p style=\"text-align: justify;\">A ce titre, le Cercle de l\u2019Arbal\u00e8te facilite les rencontres entre les op\u00e9rateurs de terrain et les industriels, et contribue ainsi au perfectionnement et au d\u00e9veloppement des mat\u00e9riels.<\/p>\n<\/div>\n<\/div><\/div><\/div><\/div><\/div>","protected":false},"excerpt":{"rendered":"<p>OliKrom pr\u00e9sente ses technologies innovantes devant 400 personnes OliKrom s\u00e9lectionn\u00e9e par le Cercle de l\u2019Arbal\u00e8te pour rencontrer les Forces Sp\u00e9ciales lors du meeting SOFLAB du 29 mars 2018. Cet [&hellip;]<\/p>\n","protected":false},"author":10,"featured_media":22998,"comment_status":"closed","ping_status":"closed","sticky":false,"template":"","format":"standard","meta":{"inline_featured_image":false,"footnotes":""},"categories":[367],"tags":[],"class_list":["post-7579","post","type-post","status-publish","format-standard","has-post-thumbnail","hentry","category-actualites"],"yoast_head":"<!-- This site is optimized with the Yoast SEO plugin v27.5 - https:\/\/yoast.com\/product\/yoast-seo-wordpress\/ -->\n<title>SOFLAB : l&#039;\u00e9quipe OliKrom rencontre les Forces Sp\u00e9ciales<\/title>\n<meta name=\"description\" content=\"OliKrom s\u00e9lectionn\u00e9e par le Cercle de l\u2019Arbal\u00e8te pour rencontrer les Forces Sp\u00e9ciales lors du meeting SOFLAB du 29 mars 2018.\" \/>\n<meta name=\"robots\" content=\"index, follow, max-snippet:-1, max-image-preview:large, max-video-preview:-1\" \/>\n<link rel=\"canonical\" href=\"https:\/\/www.olikrom.com\/fr\/blog\/actualites\/olikrom-forces-speciales\/\" \/>\n<meta property=\"og:locale\" content=\"fr_FR\" \/>\n<meta property=\"og:type\" content=\"article\" \/>\n<meta property=\"og:title\" content=\"SOFLAB : l&#039;\u00e9quipe OliKrom rencontre les Forces Sp\u00e9ciales\" \/>\n<meta property=\"og:description\" content=\"OliKrom s\u00e9lectionn\u00e9e par le Cercle de l\u2019Arbal\u00e8te pour rencontrer les Forces Sp\u00e9ciales lors du meeting SOFLAB du 29 mars 2018.\" \/>\n<meta property=\"og:url\" content=\"https:\/\/www.olikrom.com\/fr\/blog\/actualites\/olikrom-forces-speciales\/\" \/>\n<meta property=\"og:site_name\" content=\"OliKrom\" \/>\n<meta property=\"article:published_time\" content=\"2018-03-29T16:06:37+00:00\" \/>\n<meta property=\"article:modified_time\" content=\"2022-11-18T16:31:53+00:00\" \/>\n<meta property=\"og:image\" content=\"https:\/\/www.olikrom.com\/wp-content\/uploads\/2018\/03\/olikrom-meeting-forces-speciales-soflab.jpg\" \/>\n\t<meta property=\"og:image:width\" content=\"532\" \/>\n\t<meta property=\"og:image:height\" content=\"251\" \/>\n\t<meta property=\"og:image:type\" content=\"image\/jpeg\" \/>\n<meta name=\"author\" content=\"olikrom\" \/>\n<meta name=\"twitter:card\" content=\"summary_large_image\" \/>\n<meta name=\"twitter:label1\" content=\"\u00c9crit par\" \/>\n\t<meta name=\"twitter:data1\" content=\"olikrom\" \/>\n\t<meta name=\"twitter:label2\" content=\"Dur\u00e9e de lecture estim\u00e9e\" \/>\n\t<meta name=\"twitter:data2\" content=\"2 minutes\" \/>\n<script type=\"application\/ld+json\" class=\"yoast-schema-graph\">{\"@context\":\"https:\\\/\\\/schema.org\",\"@graph\":[{\"@type\":\"Article\",\"@id\":\"https:\\\/\\\/www.olikrom.com\\\/fr\\\/blog\\\/actualites\\\/olikrom-forces-speciales\\\/#article\",\"isPartOf\":{\"@id\":\"https:\\\/\\\/www.olikrom.com\\\/fr\\\/blog\\\/actualites\\\/olikrom-forces-speciales\\\/\"},\"author\":{\"name\":\"olikrom\",\"@id\":\"https:\\\/\\\/www.olikrom.com\\\/fr\\\/#\\\/schema\\\/person\\\/9df28334ff037f296d71c6cf145904ca\"},\"headline\":\"OliKrom s\u00e9lectionn\u00e9e pour rencontrer les Forces Sp\u00e9ciales\",\"datePublished\":\"2018-03-29T16:06:37+00:00\",\"dateModified\":\"2022-11-18T16:31:53+00:00\",\"mainEntityOfPage\":{\"@id\":\"https:\\\/\\\/www.olikrom.com\\\/fr\\\/blog\\\/actualites\\\/olikrom-forces-speciales\\\/\"},\"wordCount\":328,\"publisher\":{\"@id\":\"https:\\\/\\\/www.olikrom.com\\\/fr\\\/#organization\"},\"image\":{\"@id\":\"https:\\\/\\\/www.olikrom.com\\\/fr\\\/blog\\\/actualites\\\/olikrom-forces-speciales\\\/#primaryimage\"},\"thumbnailUrl\":\"https:\\\/\\\/www.olikrom.com\\\/wp-content\\\/uploads\\\/2018\\\/03\\\/olikrom-meeting-forces-speciales-soflab.jpg\",\"articleSection\":[\"Actualit\u00e9s\"],\"inLanguage\":\"fr-FR\"},{\"@type\":\"WebPage\",\"@id\":\"https:\\\/\\\/www.olikrom.com\\\/fr\\\/blog\\\/actualites\\\/olikrom-forces-speciales\\\/\",\"url\":\"https:\\\/\\\/www.olikrom.com\\\/fr\\\/blog\\\/actualites\\\/olikrom-forces-speciales\\\/\",\"name\":\"SOFLAB : l'\u00e9quipe OliKrom rencontre les Forces Sp\u00e9ciales\",\"isPartOf\":{\"@id\":\"https:\\\/\\\/www.olikrom.com\\\/fr\\\/#website\"},\"primaryImageOfPage\":{\"@id\":\"https:\\\/\\\/www.olikrom.com\\\/fr\\\/blog\\\/actualites\\\/olikrom-forces-speciales\\\/#primaryimage\"},\"image\":{\"@id\":\"https:\\\/\\\/www.olikrom.com\\\/fr\\\/blog\\\/actualites\\\/olikrom-forces-speciales\\\/#primaryimage\"},\"thumbnailUrl\":\"https:\\\/\\\/www.olikrom.com\\\/wp-content\\\/uploads\\\/2018\\\/03\\\/olikrom-meeting-forces-speciales-soflab.jpg\",\"datePublished\":\"2018-03-29T16:06:37+00:00\",\"dateModified\":\"2022-11-18T16:31:53+00:00\",\"description\":\"OliKrom s\u00e9lectionn\u00e9e par le Cercle de l\u2019Arbal\u00e8te pour rencontrer les Forces Sp\u00e9ciales lors du meeting SOFLAB du 29 mars 2018.\",\"breadcrumb\":{\"@id\":\"https:\\\/\\\/www.olikrom.com\\\/fr\\\/blog\\\/actualites\\\/olikrom-forces-speciales\\\/#breadcrumb\"},\"inLanguage\":\"fr-FR\",\"potentialAction\":[{\"@type\":\"ReadAction\",\"target\":[\"https:\\\/\\\/www.olikrom.com\\\/fr\\\/blog\\\/actualites\\\/olikrom-forces-speciales\\\/\"]}]},{\"@type\":\"ImageObject\",\"inLanguage\":\"fr-FR\",\"@id\":\"https:\\\/\\\/www.olikrom.com\\\/fr\\\/blog\\\/actualites\\\/olikrom-forces-speciales\\\/#primaryimage\",\"url\":\"https:\\\/\\\/www.olikrom.com\\\/wp-content\\\/uploads\\\/2018\\\/03\\\/olikrom-meeting-forces-speciales-soflab.jpg\",\"contentUrl\":\"https:\\\/\\\/www.olikrom.com\\\/wp-content\\\/uploads\\\/2018\\\/03\\\/olikrom-meeting-forces-speciales-soflab.jpg\",\"width\":532,\"height\":251,\"caption\":\"olikrom-meeting-forces-speciales-soflab\"},{\"@type\":\"BreadcrumbList\",\"@id\":\"https:\\\/\\\/www.olikrom.com\\\/fr\\\/blog\\\/actualites\\\/olikrom-forces-speciales\\\/#breadcrumb\",\"itemListElement\":[{\"@type\":\"ListItem\",\"position\":1,\"name\":\"Home\",\"item\":\"https:\\\/\\\/www.olikrom.com\\\/fr\\\/\"},{\"@type\":\"ListItem\",\"position\":2,\"name\":\"OliKrom s\u00e9lectionn\u00e9e pour rencontrer les Forces Sp\u00e9ciales\"}]},{\"@type\":\"WebSite\",\"@id\":\"https:\\\/\\\/www.olikrom.com\\\/fr\\\/#website\",\"url\":\"https:\\\/\\\/www.olikrom.com\\\/fr\\\/\",\"name\":\"OliKrom\",\"description\":\"\",\"publisher\":{\"@id\":\"https:\\\/\\\/www.olikrom.com\\\/fr\\\/#organization\"},\"potentialAction\":[{\"@type\":\"SearchAction\",\"target\":{\"@type\":\"EntryPoint\",\"urlTemplate\":\"https:\\\/\\\/www.olikrom.com\\\/fr\\\/?s={search_term_string}\"},\"query-input\":{\"@type\":\"PropertyValueSpecification\",\"valueRequired\":true,\"valueName\":\"search_term_string\"}}],\"inLanguage\":\"fr-FR\"},{\"@type\":\"Organization\",\"@id\":\"https:\\\/\\\/www.olikrom.com\\\/fr\\\/#organization\",\"name\":\"Olikrom\",\"url\":\"https:\\\/\\\/www.olikrom.com\\\/fr\\\/\",\"logo\":{\"@type\":\"ImageObject\",\"inLanguage\":\"fr-FR\",\"@id\":\"https:\\\/\\\/www.olikrom.com\\\/fr\\\/#\\\/schema\\\/logo\\\/image\\\/\",\"url\":\"https:\\\/\\\/www.olikrom.com\\\/wp-content\\\/uploads\\\/2022\\\/01\\\/olikrom-logo-couleurs-2021-ok.png\",\"contentUrl\":\"https:\\\/\\\/www.olikrom.com\\\/wp-content\\\/uploads\\\/2022\\\/01\\\/olikrom-logo-couleurs-2021-ok.png\",\"width\":285,\"height\":84,\"caption\":\"Olikrom\"},\"image\":{\"@id\":\"https:\\\/\\\/www.olikrom.com\\\/fr\\\/#\\\/schema\\\/logo\\\/image\\\/\"}},{\"@type\":\"Person\",\"@id\":\"https:\\\/\\\/www.olikrom.com\\\/fr\\\/#\\\/schema\\\/person\\\/9df28334ff037f296d71c6cf145904ca\",\"name\":\"olikrom\",\"image\":{\"@type\":\"ImageObject\",\"inLanguage\":\"fr-FR\",\"@id\":\"https:\\\/\\\/secure.gravatar.com\\\/avatar\\\/610dbff3ea490fd0b981b1b2f5a26a440c8e40f8f474fc7fb84a8ac9573692f1?s=96&d=mm&r=g\",\"url\":\"https:\\\/\\\/secure.gravatar.com\\\/avatar\\\/610dbff3ea490fd0b981b1b2f5a26a440c8e40f8f474fc7fb84a8ac9573692f1?s=96&d=mm&r=g\",\"contentUrl\":\"https:\\\/\\\/secure.gravatar.com\\\/avatar\\\/610dbff3ea490fd0b981b1b2f5a26a440c8e40f8f474fc7fb84a8ac9573692f1?s=96&d=mm&r=g\",\"caption\":\"olikrom\"}}]}<\/script>\n<!-- \/ Yoast SEO plugin. -->","yoast_head_json":{"title":"SOFLAB : l'\u00e9quipe OliKrom rencontre les Forces Sp\u00e9ciales","description":"OliKrom s\u00e9lectionn\u00e9e par le Cercle de l\u2019Arbal\u00e8te pour rencontrer les Forces Sp\u00e9ciales lors du meeting SOFLAB du 29 mars 2018.","robots":{"index":"index","follow":"follow","max-snippet":"max-snippet:-1","max-image-preview":"max-image-preview:large","max-video-preview":"max-video-preview:-1"},"canonical":"https:\/\/www.olikrom.com\/fr\/blog\/actualites\/olikrom-forces-speciales\/","og_locale":"fr_FR","og_type":"article","og_title":"SOFLAB : l'\u00e9quipe OliKrom rencontre les Forces Sp\u00e9ciales","og_description":"OliKrom s\u00e9lectionn\u00e9e par le Cercle de l\u2019Arbal\u00e8te pour rencontrer les Forces Sp\u00e9ciales lors du meeting SOFLAB du 29 mars 2018.","og_url":"https:\/\/www.olikrom.com\/fr\/blog\/actualites\/olikrom-forces-speciales\/","og_site_name":"OliKrom","article_published_time":"2018-03-29T16:06:37+00:00","article_modified_time":"2022-11-18T16:31:53+00:00","og_image":[{"width":532,"height":251,"url":"https:\/\/www.olikrom.com\/wp-content\/uploads\/2018\/03\/olikrom-meeting-forces-speciales-soflab.jpg","type":"image\/jpeg"}],"author":"olikrom","twitter_card":"summary_large_image","twitter_misc":{"\u00c9crit par":"olikrom","Dur\u00e9e de lecture estim\u00e9e":"2 minutes"},"schema":{"@context":"https:\/\/schema.org","@graph":[{"@type":"Article","@id":"https:\/\/www.olikrom.com\/fr\/blog\/actualites\/olikrom-forces-speciales\/#article","isPartOf":{"@id":"https:\/\/www.olikrom.com\/fr\/blog\/actualites\/olikrom-forces-speciales\/"},"author":{"name":"olikrom","@id":"https:\/\/www.olikrom.com\/fr\/#\/schema\/person\/9df28334ff037f296d71c6cf145904ca"},"headline":"OliKrom s\u00e9lectionn\u00e9e pour rencontrer les Forces Sp\u00e9ciales","datePublished":"2018-03-29T16:06:37+00:00","dateModified":"2022-11-18T16:31:53+00:00","mainEntityOfPage":{"@id":"https:\/\/www.olikrom.com\/fr\/blog\/actualites\/olikrom-forces-speciales\/"},"wordCount":328,"publisher":{"@id":"https:\/\/www.olikrom.com\/fr\/#organization"},"image":{"@id":"https:\/\/www.olikrom.com\/fr\/blog\/actualites\/olikrom-forces-speciales\/#primaryimage"},"thumbnailUrl":"https:\/\/www.olikrom.com\/wp-content\/uploads\/2018\/03\/olikrom-meeting-forces-speciales-soflab.jpg","articleSection":["Actualit\u00e9s"],"inLanguage":"fr-FR"},{"@type":"WebPage","@id":"https:\/\/www.olikrom.com\/fr\/blog\/actualites\/olikrom-forces-speciales\/","url":"https:\/\/www.olikrom.com\/fr\/blog\/actualites\/olikrom-forces-speciales\/","name":"SOFLAB : l'\u00e9quipe OliKrom rencontre les Forces Sp\u00e9ciales","isPartOf":{"@id":"https:\/\/www.olikrom.com\/fr\/#website"},"primaryImageOfPage":{"@id":"https:\/\/www.olikrom.com\/fr\/blog\/actualites\/olikrom-forces-speciales\/#primaryimage"},"image":{"@id":"https:\/\/www.olikrom.com\/fr\/blog\/actualites\/olikrom-forces-speciales\/#primaryimage"},"thumbnailUrl":"https:\/\/www.olikrom.com\/wp-content\/uploads\/2018\/03\/olikrom-meeting-forces-speciales-soflab.jpg","datePublished":"2018-03-29T16:06:37+00:00","dateModified":"2022-11-18T16:31:53+00:00","description":"OliKrom s\u00e9lectionn\u00e9e par le Cercle de l\u2019Arbal\u00e8te pour rencontrer les Forces Sp\u00e9ciales lors du meeting SOFLAB du 29 mars 2018.","breadcrumb":{"@id":"https:\/\/www.olikrom.com\/fr\/blog\/actualites\/olikrom-forces-speciales\/#breadcrumb"},"inLanguage":"fr-FR","potentialAction":[{"@type":"ReadAction","target":["https:\/\/www.olikrom.com\/fr\/blog\/actualites\/olikrom-forces-speciales\/"]}]},{"@type":"ImageObject","inLanguage":"fr-FR","@id":"https:\/\/www.olikrom.com\/fr\/blog\/actualites\/olikrom-forces-speciales\/#primaryimage","url":"https:\/\/www.olikrom.com\/wp-content\/uploads\/2018\/03\/olikrom-meeting-forces-speciales-soflab.jpg","contentUrl":"https:\/\/www.olikrom.com\/wp-content\/uploads\/2018\/03\/olikrom-meeting-forces-speciales-soflab.jpg","width":532,"height":251,"caption":"olikrom-meeting-forces-speciales-soflab"},{"@type":"BreadcrumbList","@id":"https:\/\/www.olikrom.com\/fr\/blog\/actualites\/olikrom-forces-speciales\/#breadcrumb","itemListElement":[{"@type":"ListItem","position":1,"name":"Home","item":"https:\/\/www.olikrom.com\/fr\/"},{"@type":"ListItem","position":2,"name":"OliKrom s\u00e9lectionn\u00e9e pour rencontrer les Forces Sp\u00e9ciales"}]},{"@type":"WebSite","@id":"https:\/\/www.olikrom.com\/fr\/#website","url":"https:\/\/www.olikrom.com\/fr\/","name":"OliKrom","description":"","publisher":{"@id":"https:\/\/www.olikrom.com\/fr\/#organization"},"potentialAction":[{"@type":"SearchAction","target":{"@type":"EntryPoint","urlTemplate":"https:\/\/www.olikrom.com\/fr\/?s={search_term_string}"},"query-input":{"@type":"PropertyValueSpecification","valueRequired":true,"valueName":"search_term_string"}}],"inLanguage":"fr-FR"},{"@type":"Organization","@id":"https:\/\/www.olikrom.com\/fr\/#organization","name":"Olikrom","url":"https:\/\/www.olikrom.com\/fr\/","logo":{"@type":"ImageObject","inLanguage":"fr-FR","@id":"https:\/\/www.olikrom.com\/fr\/#\/schema\/logo\/image\/","url":"https:\/\/www.olikrom.com\/wp-content\/uploads\/2022\/01\/olikrom-logo-couleurs-2021-ok.png","contentUrl":"https:\/\/www.olikrom.com\/wp-content\/uploads\/2022\/01\/olikrom-logo-couleurs-2021-ok.png","width":285,"height":84,"caption":"Olikrom"},"image":{"@id":"https:\/\/www.olikrom.com\/fr\/#\/schema\/logo\/image\/"}},{"@type":"Person","@id":"https:\/\/www.olikrom.com\/fr\/#\/schema\/person\/9df28334ff037f296d71c6cf145904ca","name":"olikrom","image":{"@type":"ImageObject","inLanguage":"fr-FR","@id":"https:\/\/secure.gravatar.com\/avatar\/610dbff3ea490fd0b981b1b2f5a26a440c8e40f8f474fc7fb84a8ac9573692f1?s=96&d=mm&r=g","url":"https:\/\/secure.gravatar.com\/avatar\/610dbff3ea490fd0b981b1b2f5a26a440c8e40f8f474fc7fb84a8ac9573692f1?s=96&d=mm&r=g","contentUrl":"https:\/\/secure.gravatar.com\/avatar\/610dbff3ea490fd0b981b1b2f5a26a440c8e40f8f474fc7fb84a8ac9573692f1?s=96&d=mm&r=g","caption":"olikrom"}}]}},"_links":{"self":[{"href":"https:\/\/www.olikrom.com\/fr\/wp-json\/wp\/v2\/posts\/7579","targetHints":{"allow":["GET"]}}],"collection":[{"href":"https:\/\/www.olikrom.com\/fr\/wp-json\/wp\/v2\/posts"}],"about":[{"href":"https:\/\/www.olikrom.com\/fr\/wp-json\/wp\/v2\/types\/post"}],"author":[{"embeddable":true,"href":"https:\/\/www.olikrom.com\/fr\/wp-json\/wp\/v2\/users\/10"}],"replies":[{"embeddable":true,"href":"https:\/\/www.olikrom.com\/fr\/wp-json\/wp\/v2\/comments?post=7579"}],"version-history":[{"count":5,"href":"https:\/\/www.olikrom.com\/fr\/wp-json\/wp\/v2\/posts\/7579\/revisions"}],"predecessor-version":[{"id":31512,"href":"https:\/\/www.olikrom.com\/fr\/wp-json\/wp\/v2\/posts\/7579\/revisions\/31512"}],"wp:featuredmedia":[{"embeddable":true,"href":"https:\/\/www.olikrom.com\/fr\/wp-json\/wp\/v2\/media\/22998"}],"wp:attachment":[{"href":"https:\/\/www.olikrom.com\/fr\/wp-json\/wp\/v2\/media?parent=7579"}],"wp:term":[{"taxonomy":"category","embeddable":true,"href":"https:\/\/www.olikrom.com\/fr\/wp-json\/wp\/v2\/categories?post=7579"},{"taxonomy":"post_tag","embeddable":true,"href":"https:\/\/www.olikrom.com\/fr\/wp-json\/wp\/v2\/tags?post=7579"}],"curies":[{"name":"wp","href":"https:\/\/api.w.org\/{rel}","templated":true}]}}