{"id":4954,"date":"2016-11-23T19:33:59","date_gmt":"2016-11-23T18:33:59","guid":{"rendered":"https:\/\/www.olikrom.com\/?p=4954"},"modified":"2022-12-02T18:06:41","modified_gmt":"2022-12-02T16:06:41","slug":"olikrom-participe-a-atelier-boostez-vos-ventes-a-limoges","status":"publish","type":"post","link":"https:\/\/www.olikrom.com\/fr\/blog\/la-vie-de-lentreprise\/olikrom-participe-a-la-journee-boostez-vos-ventes-limoges\/","title":{"rendered":"OliKrom participe \u00e0 la journ\u00e9e \u00ab\u00a0Boostez vos ventes\u00a0\u00bb \u00e0 Limoges"},"content":{"rendered":"<h2>OliKrom participe \u00e0 l\u2019atelier \u00ab Se diff\u00e9rencier, c\u2019est vital \u00bb<\/h2>\n<p>Le p\u00f4le europ\u00e9en de la C\u00e9ramique, l\u2019AVRUL, le MEDEF Limousin et le P\u00f4le Elopsys ont organis\u00e9 le 23 novembre 2016 \u00e0 l\u2019ENSIL une journ\u00e9e sur le th\u00e8me de \u00ab\u00a0Boostez vos ventes\u00a0\u00bb.<\/p>\n<p><img loading=\"lazy\" decoding=\"async\" class=\"wp-image-4955 alignleft\" src=\"https:\/\/www.olikrom.com\/wp-content\/uploads\/2017\/01\/boostezvosventes2.png\" alt=\" width=\" width=\"368\" height=\"248\" \/><\/p>\n<p>Au programme : conf\u00e9rence, t\u00e9moignages d\u2019entreprises et ateliers pour donner des cl\u00e9s afin de dynamiser ses ventes (outils marketing, strat\u00e9gie commerciale, communication\u2026).<\/p>\n<p>A cette occasion OliKrom a t\u00e9moign\u00e9 lors de l\u2019atelier \u00ab\u00a0Se diff\u00e9rencier\u2026c\u2019est vital\u00a0\u00bb sur les th\u00e8mes tels que : \u00eatre \u00e0 l\u2019\u00e9coute des besoins pour la mise au point de produits innovant sur-mesure, avoir une d\u00e9marche diff\u00e9renciante gr\u00e2ce \u00e0 l\u2019apport d\u2019expertise depuis la construction d\u2019un cahier des charges, jusqu\u2019\u00e0 la production du produit fini.<\/p>\n<p>Partager ses exp\u00e9riences et apprendre : cette journ\u00e9e a \u00e9t\u00e9 l\u2019occasion pour l\u2019\u00e9quipe d\u2019OliKrom de participer aux autres moments forts de la journ\u00e9e tels que la conf\u00e9rence sur la communication persuasive, les t\u00e9moignages \u00ab\u00a0A chaque entreprise sa strat\u00e9gie de d\u00e9veloppement commercial\u00a0\u00bb, et l\u2019atelier \u00ab\u00a0Recruter et manager des commerciaux\u00a0\u00bb.<\/p>\n","protected":false},"excerpt":{"rendered":"<p>OliKrom participe \u00e0 l\u2019atelier \u00ab Se diff\u00e9rencier, c\u2019est vital \u00bb Le p\u00f4le europ\u00e9en de la C\u00e9ramique, l\u2019AVRUL, le MEDEF Limousin et le P\u00f4le Elopsys ont organis\u00e9 le 23 novembre [&hellip;]<\/p>\n","protected":false},"author":10,"featured_media":21305,"comment_status":"closed","ping_status":"closed","sticky":false,"template":"","format":"standard","meta":{"inline_featured_image":false,"footnotes":""},"categories":[384],"tags":[],"class_list":["post-4954","post","type-post","status-publish","format-standard","has-post-thumbnail","hentry","category-la-vie-de-lentreprise"],"yoast_head":"<!-- This site is optimized with the Yoast SEO plugin v27.4 - https:\/\/yoast.com\/product\/yoast-seo-wordpress\/ -->\n<title>OliKrom participe \u00e0 la journ\u00e9e &quot;Boostez vos ventes&quot; \u00e0 Limoges<\/title>\n<meta name=\"description\" content=\"Au programme : conf\u00e9rence, t\u00e9moignages d\u2019entreprises et ateliers pour donner des cl\u00e9s afin de dynamiser ses ventes.\" \/>\n<meta name=\"robots\" content=\"index, follow, max-snippet:-1, max-image-preview:large, max-video-preview:-1\" \/>\n<link rel=\"canonical\" href=\"https:\/\/www.olikrom.com\/fr\/blog\/la-vie-de-lentreprise\/olikrom-participe-a-la-journee-boostez-vos-ventes-limoges\/\" \/>\n<meta property=\"og:locale\" content=\"fr_FR\" \/>\n<meta property=\"og:type\" content=\"article\" \/>\n<meta property=\"og:title\" content=\"OliKrom participe \u00e0 la journ\u00e9e &quot;Boostez vos ventes&quot; \u00e0 Limoges\" \/>\n<meta property=\"og:description\" content=\"Au programme : conf\u00e9rence, t\u00e9moignages d\u2019entreprises et ateliers pour donner des cl\u00e9s afin de dynamiser ses ventes.\" \/>\n<meta property=\"og:url\" content=\"https:\/\/www.olikrom.com\/fr\/blog\/la-vie-de-lentreprise\/olikrom-participe-a-la-journee-boostez-vos-ventes-limoges\/\" \/>\n<meta property=\"og:site_name\" content=\"OliKrom\" \/>\n<meta property=\"article:published_time\" content=\"2016-11-23T18:33:59+00:00\" \/>\n<meta property=\"article:modified_time\" content=\"2022-12-02T16:06:41+00:00\" \/>\n<meta property=\"og:image\" content=\"https:\/\/www.olikrom.com\/wp-content\/uploads\/2016\/11\/booster-vos-ventes.jpg\" \/>\n\t<meta property=\"og:image:width\" content=\"532\" \/>\n\t<meta property=\"og:image:height\" content=\"251\" \/>\n\t<meta property=\"og:image:type\" content=\"image\/jpeg\" \/>\n<meta name=\"author\" content=\"olikrom\" \/>\n<meta name=\"twitter:card\" content=\"summary_large_image\" \/>\n<meta name=\"twitter:label1\" content=\"\u00c9crit par\" \/>\n\t<meta name=\"twitter:data1\" content=\"olikrom\" \/>\n\t<meta name=\"twitter:label2\" content=\"Dur\u00e9e de lecture estim\u00e9e\" \/>\n\t<meta name=\"twitter:data2\" content=\"2 minutes\" \/>\n<script type=\"application\/ld+json\" class=\"yoast-schema-graph\">{\"@context\":\"https:\\\/\\\/schema.org\",\"@graph\":[{\"@type\":\"Article\",\"@id\":\"https:\\\/\\\/www.olikrom.com\\\/fr\\\/blog\\\/la-vie-de-lentreprise\\\/olikrom-participe-a-la-journee-boostez-vos-ventes-limoges\\\/#article\",\"isPartOf\":{\"@id\":\"https:\\\/\\\/www.olikrom.com\\\/fr\\\/blog\\\/la-vie-de-lentreprise\\\/olikrom-participe-a-la-journee-boostez-vos-ventes-limoges\\\/\"},\"author\":{\"name\":\"olikrom\",\"@id\":\"https:\\\/\\\/www.olikrom.com\\\/fr\\\/#\\\/schema\\\/person\\\/9df28334ff037f296d71c6cf145904ca\"},\"headline\":\"OliKrom participe \u00e0 la journ\u00e9e \u00ab\u00a0Boostez vos ventes\u00a0\u00bb \u00e0 Limoges\",\"datePublished\":\"2016-11-23T18:33:59+00:00\",\"dateModified\":\"2022-12-02T16:06:41+00:00\",\"mainEntityOfPage\":{\"@id\":\"https:\\\/\\\/www.olikrom.com\\\/fr\\\/blog\\\/la-vie-de-lentreprise\\\/olikrom-participe-a-la-journee-boostez-vos-ventes-limoges\\\/\"},\"wordCount\":202,\"publisher\":{\"@id\":\"https:\\\/\\\/www.olikrom.com\\\/fr\\\/#organization\"},\"image\":{\"@id\":\"https:\\\/\\\/www.olikrom.com\\\/fr\\\/blog\\\/la-vie-de-lentreprise\\\/olikrom-participe-a-la-journee-boostez-vos-ventes-limoges\\\/#primaryimage\"},\"thumbnailUrl\":\"https:\\\/\\\/www.olikrom.com\\\/wp-content\\\/uploads\\\/2016\\\/11\\\/booster-vos-ventes.jpg\",\"articleSection\":[\"La vie de l'entreprise\"],\"inLanguage\":\"fr-FR\"},{\"@type\":\"WebPage\",\"@id\":\"https:\\\/\\\/www.olikrom.com\\\/fr\\\/blog\\\/la-vie-de-lentreprise\\\/olikrom-participe-a-la-journee-boostez-vos-ventes-limoges\\\/\",\"url\":\"https:\\\/\\\/www.olikrom.com\\\/fr\\\/blog\\\/la-vie-de-lentreprise\\\/olikrom-participe-a-la-journee-boostez-vos-ventes-limoges\\\/\",\"name\":\"OliKrom participe \u00e0 la journ\u00e9e \\\"Boostez vos ventes\\\" \u00e0 Limoges\",\"isPartOf\":{\"@id\":\"https:\\\/\\\/www.olikrom.com\\\/fr\\\/#website\"},\"primaryImageOfPage\":{\"@id\":\"https:\\\/\\\/www.olikrom.com\\\/fr\\\/blog\\\/la-vie-de-lentreprise\\\/olikrom-participe-a-la-journee-boostez-vos-ventes-limoges\\\/#primaryimage\"},\"image\":{\"@id\":\"https:\\\/\\\/www.olikrom.com\\\/fr\\\/blog\\\/la-vie-de-lentreprise\\\/olikrom-participe-a-la-journee-boostez-vos-ventes-limoges\\\/#primaryimage\"},\"thumbnailUrl\":\"https:\\\/\\\/www.olikrom.com\\\/wp-content\\\/uploads\\\/2016\\\/11\\\/booster-vos-ventes.jpg\",\"datePublished\":\"2016-11-23T18:33:59+00:00\",\"dateModified\":\"2022-12-02T16:06:41+00:00\",\"description\":\"Au programme : conf\u00e9rence, t\u00e9moignages d\u2019entreprises et ateliers pour donner des cl\u00e9s afin de dynamiser ses ventes.\",\"breadcrumb\":{\"@id\":\"https:\\\/\\\/www.olikrom.com\\\/fr\\\/blog\\\/la-vie-de-lentreprise\\\/olikrom-participe-a-la-journee-boostez-vos-ventes-limoges\\\/#breadcrumb\"},\"inLanguage\":\"fr-FR\",\"potentialAction\":[{\"@type\":\"ReadAction\",\"target\":[\"https:\\\/\\\/www.olikrom.com\\\/fr\\\/blog\\\/la-vie-de-lentreprise\\\/olikrom-participe-a-la-journee-boostez-vos-ventes-limoges\\\/\"]}]},{\"@type\":\"ImageObject\",\"inLanguage\":\"fr-FR\",\"@id\":\"https:\\\/\\\/www.olikrom.com\\\/fr\\\/blog\\\/la-vie-de-lentreprise\\\/olikrom-participe-a-la-journee-boostez-vos-ventes-limoges\\\/#primaryimage\",\"url\":\"https:\\\/\\\/www.olikrom.com\\\/wp-content\\\/uploads\\\/2016\\\/11\\\/booster-vos-ventes.jpg\",\"contentUrl\":\"https:\\\/\\\/www.olikrom.com\\\/wp-content\\\/uploads\\\/2016\\\/11\\\/booster-vos-ventes.jpg\",\"width\":532,\"height\":251,\"caption\":\"booster-vos-ventes\"},{\"@type\":\"BreadcrumbList\",\"@id\":\"https:\\\/\\\/www.olikrom.com\\\/fr\\\/blog\\\/la-vie-de-lentreprise\\\/olikrom-participe-a-la-journee-boostez-vos-ventes-limoges\\\/#breadcrumb\",\"itemListElement\":[{\"@type\":\"ListItem\",\"position\":1,\"name\":\"Home\",\"item\":\"https:\\\/\\\/www.olikrom.com\\\/fr\\\/\"},{\"@type\":\"ListItem\",\"position\":2,\"name\":\"OliKrom participe \u00e0 la journ\u00e9e \u00ab\u00a0Boostez vos ventes\u00a0\u00bb \u00e0 Limoges\"}]},{\"@type\":\"WebSite\",\"@id\":\"https:\\\/\\\/www.olikrom.com\\\/fr\\\/#website\",\"url\":\"https:\\\/\\\/www.olikrom.com\\\/fr\\\/\",\"name\":\"OliKrom\",\"description\":\"\",\"publisher\":{\"@id\":\"https:\\\/\\\/www.olikrom.com\\\/fr\\\/#organization\"},\"potentialAction\":[{\"@type\":\"SearchAction\",\"target\":{\"@type\":\"EntryPoint\",\"urlTemplate\":\"https:\\\/\\\/www.olikrom.com\\\/fr\\\/?s={search_term_string}\"},\"query-input\":{\"@type\":\"PropertyValueSpecification\",\"valueRequired\":true,\"valueName\":\"search_term_string\"}}],\"inLanguage\":\"fr-FR\"},{\"@type\":\"Organization\",\"@id\":\"https:\\\/\\\/www.olikrom.com\\\/fr\\\/#organization\",\"name\":\"Olikrom\",\"url\":\"https:\\\/\\\/www.olikrom.com\\\/fr\\\/\",\"logo\":{\"@type\":\"ImageObject\",\"inLanguage\":\"fr-FR\",\"@id\":\"https:\\\/\\\/www.olikrom.com\\\/fr\\\/#\\\/schema\\\/logo\\\/image\\\/\",\"url\":\"https:\\\/\\\/www.olikrom.com\\\/wp-content\\\/uploads\\\/2022\\\/01\\\/olikrom-logo-couleurs-2021-ok.png\",\"contentUrl\":\"https:\\\/\\\/www.olikrom.com\\\/wp-content\\\/uploads\\\/2022\\\/01\\\/olikrom-logo-couleurs-2021-ok.png\",\"width\":285,\"height\":84,\"caption\":\"Olikrom\"},\"image\":{\"@id\":\"https:\\\/\\\/www.olikrom.com\\\/fr\\\/#\\\/schema\\\/logo\\\/image\\\/\"}},{\"@type\":\"Person\",\"@id\":\"https:\\\/\\\/www.olikrom.com\\\/fr\\\/#\\\/schema\\\/person\\\/9df28334ff037f296d71c6cf145904ca\",\"name\":\"olikrom\",\"image\":{\"@type\":\"ImageObject\",\"inLanguage\":\"fr-FR\",\"@id\":\"https:\\\/\\\/secure.gravatar.com\\\/avatar\\\/610dbff3ea490fd0b981b1b2f5a26a440c8e40f8f474fc7fb84a8ac9573692f1?s=96&d=mm&r=g\",\"url\":\"https:\\\/\\\/secure.gravatar.com\\\/avatar\\\/610dbff3ea490fd0b981b1b2f5a26a440c8e40f8f474fc7fb84a8ac9573692f1?s=96&d=mm&r=g\",\"contentUrl\":\"https:\\\/\\\/secure.gravatar.com\\\/avatar\\\/610dbff3ea490fd0b981b1b2f5a26a440c8e40f8f474fc7fb84a8ac9573692f1?s=96&d=mm&r=g\",\"caption\":\"olikrom\"}}]}<\/script>\n<!-- \/ Yoast SEO plugin. -->","yoast_head_json":{"title":"OliKrom participe \u00e0 la journ\u00e9e \"Boostez vos ventes\" \u00e0 Limoges","description":"Au programme : conf\u00e9rence, t\u00e9moignages d\u2019entreprises et ateliers pour donner des cl\u00e9s afin de dynamiser ses ventes.","robots":{"index":"index","follow":"follow","max-snippet":"max-snippet:-1","max-image-preview":"max-image-preview:large","max-video-preview":"max-video-preview:-1"},"canonical":"https:\/\/www.olikrom.com\/fr\/blog\/la-vie-de-lentreprise\/olikrom-participe-a-la-journee-boostez-vos-ventes-limoges\/","og_locale":"fr_FR","og_type":"article","og_title":"OliKrom participe \u00e0 la journ\u00e9e \"Boostez vos ventes\" \u00e0 Limoges","og_description":"Au programme : conf\u00e9rence, t\u00e9moignages d\u2019entreprises et ateliers pour donner des cl\u00e9s afin de dynamiser ses ventes.","og_url":"https:\/\/www.olikrom.com\/fr\/blog\/la-vie-de-lentreprise\/olikrom-participe-a-la-journee-boostez-vos-ventes-limoges\/","og_site_name":"OliKrom","article_published_time":"2016-11-23T18:33:59+00:00","article_modified_time":"2022-12-02T16:06:41+00:00","og_image":[{"width":532,"height":251,"url":"https:\/\/www.olikrom.com\/wp-content\/uploads\/2016\/11\/booster-vos-ventes.jpg","type":"image\/jpeg"}],"author":"olikrom","twitter_card":"summary_large_image","twitter_misc":{"\u00c9crit par":"olikrom","Dur\u00e9e de lecture estim\u00e9e":"2 minutes"},"schema":{"@context":"https:\/\/schema.org","@graph":[{"@type":"Article","@id":"https:\/\/www.olikrom.com\/fr\/blog\/la-vie-de-lentreprise\/olikrom-participe-a-la-journee-boostez-vos-ventes-limoges\/#article","isPartOf":{"@id":"https:\/\/www.olikrom.com\/fr\/blog\/la-vie-de-lentreprise\/olikrom-participe-a-la-journee-boostez-vos-ventes-limoges\/"},"author":{"name":"olikrom","@id":"https:\/\/www.olikrom.com\/fr\/#\/schema\/person\/9df28334ff037f296d71c6cf145904ca"},"headline":"OliKrom participe \u00e0 la journ\u00e9e \u00ab\u00a0Boostez vos ventes\u00a0\u00bb \u00e0 Limoges","datePublished":"2016-11-23T18:33:59+00:00","dateModified":"2022-12-02T16:06:41+00:00","mainEntityOfPage":{"@id":"https:\/\/www.olikrom.com\/fr\/blog\/la-vie-de-lentreprise\/olikrom-participe-a-la-journee-boostez-vos-ventes-limoges\/"},"wordCount":202,"publisher":{"@id":"https:\/\/www.olikrom.com\/fr\/#organization"},"image":{"@id":"https:\/\/www.olikrom.com\/fr\/blog\/la-vie-de-lentreprise\/olikrom-participe-a-la-journee-boostez-vos-ventes-limoges\/#primaryimage"},"thumbnailUrl":"https:\/\/www.olikrom.com\/wp-content\/uploads\/2016\/11\/booster-vos-ventes.jpg","articleSection":["La vie de l'entreprise"],"inLanguage":"fr-FR"},{"@type":"WebPage","@id":"https:\/\/www.olikrom.com\/fr\/blog\/la-vie-de-lentreprise\/olikrom-participe-a-la-journee-boostez-vos-ventes-limoges\/","url":"https:\/\/www.olikrom.com\/fr\/blog\/la-vie-de-lentreprise\/olikrom-participe-a-la-journee-boostez-vos-ventes-limoges\/","name":"OliKrom participe \u00e0 la journ\u00e9e \"Boostez vos ventes\" \u00e0 Limoges","isPartOf":{"@id":"https:\/\/www.olikrom.com\/fr\/#website"},"primaryImageOfPage":{"@id":"https:\/\/www.olikrom.com\/fr\/blog\/la-vie-de-lentreprise\/olikrom-participe-a-la-journee-boostez-vos-ventes-limoges\/#primaryimage"},"image":{"@id":"https:\/\/www.olikrom.com\/fr\/blog\/la-vie-de-lentreprise\/olikrom-participe-a-la-journee-boostez-vos-ventes-limoges\/#primaryimage"},"thumbnailUrl":"https:\/\/www.olikrom.com\/wp-content\/uploads\/2016\/11\/booster-vos-ventes.jpg","datePublished":"2016-11-23T18:33:59+00:00","dateModified":"2022-12-02T16:06:41+00:00","description":"Au programme : conf\u00e9rence, t\u00e9moignages d\u2019entreprises et ateliers pour donner des cl\u00e9s afin de dynamiser ses ventes.","breadcrumb":{"@id":"https:\/\/www.olikrom.com\/fr\/blog\/la-vie-de-lentreprise\/olikrom-participe-a-la-journee-boostez-vos-ventes-limoges\/#breadcrumb"},"inLanguage":"fr-FR","potentialAction":[{"@type":"ReadAction","target":["https:\/\/www.olikrom.com\/fr\/blog\/la-vie-de-lentreprise\/olikrom-participe-a-la-journee-boostez-vos-ventes-limoges\/"]}]},{"@type":"ImageObject","inLanguage":"fr-FR","@id":"https:\/\/www.olikrom.com\/fr\/blog\/la-vie-de-lentreprise\/olikrom-participe-a-la-journee-boostez-vos-ventes-limoges\/#primaryimage","url":"https:\/\/www.olikrom.com\/wp-content\/uploads\/2016\/11\/booster-vos-ventes.jpg","contentUrl":"https:\/\/www.olikrom.com\/wp-content\/uploads\/2016\/11\/booster-vos-ventes.jpg","width":532,"height":251,"caption":"booster-vos-ventes"},{"@type":"BreadcrumbList","@id":"https:\/\/www.olikrom.com\/fr\/blog\/la-vie-de-lentreprise\/olikrom-participe-a-la-journee-boostez-vos-ventes-limoges\/#breadcrumb","itemListElement":[{"@type":"ListItem","position":1,"name":"Home","item":"https:\/\/www.olikrom.com\/fr\/"},{"@type":"ListItem","position":2,"name":"OliKrom participe \u00e0 la journ\u00e9e \u00ab\u00a0Boostez vos ventes\u00a0\u00bb \u00e0 Limoges"}]},{"@type":"WebSite","@id":"https:\/\/www.olikrom.com\/fr\/#website","url":"https:\/\/www.olikrom.com\/fr\/","name":"OliKrom","description":"","publisher":{"@id":"https:\/\/www.olikrom.com\/fr\/#organization"},"potentialAction":[{"@type":"SearchAction","target":{"@type":"EntryPoint","urlTemplate":"https:\/\/www.olikrom.com\/fr\/?s={search_term_string}"},"query-input":{"@type":"PropertyValueSpecification","valueRequired":true,"valueName":"search_term_string"}}],"inLanguage":"fr-FR"},{"@type":"Organization","@id":"https:\/\/www.olikrom.com\/fr\/#organization","name":"Olikrom","url":"https:\/\/www.olikrom.com\/fr\/","logo":{"@type":"ImageObject","inLanguage":"fr-FR","@id":"https:\/\/www.olikrom.com\/fr\/#\/schema\/logo\/image\/","url":"https:\/\/www.olikrom.com\/wp-content\/uploads\/2022\/01\/olikrom-logo-couleurs-2021-ok.png","contentUrl":"https:\/\/www.olikrom.com\/wp-content\/uploads\/2022\/01\/olikrom-logo-couleurs-2021-ok.png","width":285,"height":84,"caption":"Olikrom"},"image":{"@id":"https:\/\/www.olikrom.com\/fr\/#\/schema\/logo\/image\/"}},{"@type":"Person","@id":"https:\/\/www.olikrom.com\/fr\/#\/schema\/person\/9df28334ff037f296d71c6cf145904ca","name":"olikrom","image":{"@type":"ImageObject","inLanguage":"fr-FR","@id":"https:\/\/secure.gravatar.com\/avatar\/610dbff3ea490fd0b981b1b2f5a26a440c8e40f8f474fc7fb84a8ac9573692f1?s=96&d=mm&r=g","url":"https:\/\/secure.gravatar.com\/avatar\/610dbff3ea490fd0b981b1b2f5a26a440c8e40f8f474fc7fb84a8ac9573692f1?s=96&d=mm&r=g","contentUrl":"https:\/\/secure.gravatar.com\/avatar\/610dbff3ea490fd0b981b1b2f5a26a440c8e40f8f474fc7fb84a8ac9573692f1?s=96&d=mm&r=g","caption":"olikrom"}}]}},"_links":{"self":[{"href":"https:\/\/www.olikrom.com\/fr\/wp-json\/wp\/v2\/posts\/4954","targetHints":{"allow":["GET"]}}],"collection":[{"href":"https:\/\/www.olikrom.com\/fr\/wp-json\/wp\/v2\/posts"}],"about":[{"href":"https:\/\/www.olikrom.com\/fr\/wp-json\/wp\/v2\/types\/post"}],"author":[{"embeddable":true,"href":"https:\/\/www.olikrom.com\/fr\/wp-json\/wp\/v2\/users\/10"}],"replies":[{"embeddable":true,"href":"https:\/\/www.olikrom.com\/fr\/wp-json\/wp\/v2\/comments?post=4954"}],"version-history":[{"count":5,"href":"https:\/\/www.olikrom.com\/fr\/wp-json\/wp\/v2\/posts\/4954\/revisions"}],"predecessor-version":[{"id":21304,"href":"https:\/\/www.olikrom.com\/fr\/wp-json\/wp\/v2\/posts\/4954\/revisions\/21304"}],"wp:featuredmedia":[{"embeddable":true,"href":"https:\/\/www.olikrom.com\/fr\/wp-json\/wp\/v2\/media\/21305"}],"wp:attachment":[{"href":"https:\/\/www.olikrom.com\/fr\/wp-json\/wp\/v2\/media?parent=4954"}],"wp:term":[{"taxonomy":"category","embeddable":true,"href":"https:\/\/www.olikrom.com\/fr\/wp-json\/wp\/v2\/categories?post=4954"},{"taxonomy":"post_tag","embeddable":true,"href":"https:\/\/www.olikrom.com\/fr\/wp-json\/wp\/v2\/tags?post=4954"}],"curies":[{"name":"wp","href":"https:\/\/api.w.org\/{rel}","templated":true}]}}