{"id":36062,"date":"2025-10-06T12:52:46","date_gmt":"2025-10-06T10:52:46","guid":{"rendered":"https:\/\/www.olikrom.com\/?p=36062"},"modified":"2025-10-06T12:52:46","modified_gmt":"2025-10-06T10:52:46","slug":"olikrom-acteur-francais-a-la-conquete-de-linternational","status":"publish","type":"post","link":"https:\/\/www.olikrom.com\/fr\/blog\/actualites\/olikrom-a-la-conquete-de-linternational\/","title":{"rendered":"OliKrom, acteur fran\u00e7ais \u00e0 la conqu\u00eate de l\u2019international"},"content":{"rendered":"<div id=\"pl-36062\"  class=\"panel-layout\" ><div id=\"pg-36062-0\"  class=\"panel-grid panel-no-style\" ><div id=\"pgc-36062-0-0\"  class=\"panel-grid-cell\" ><div id=\"panel-36062-0-0-0\" class=\"so-panel widget widget_sow-editor panel-first-child\" data-index=\"0\" ><div\n\t\t\t\n\t\t\tclass=\"so-widget-sow-editor so-widget-sow-editor-base\"\n\t\t\t\n\t\t>\n<div class=\"siteorigin-widget-tinymce textwidget\">\n\t<p><span style=\"font-size: 20px;\"><strong>Dans un monde en constante mutation, marqu\u00e9 par l\u2019urgence climatique, la transition \u00e9nerg\u00e9tique et la n\u00e9cessit\u00e9 d\u2019innover pour rester comp\u00e9titif, la ma\u00eetrise de technologies de rupture est devenue un enjeu strat\u00e9gique majeur. Parmi les acteurs qui contribuent \u00e0 ce mouvement, OliKrom s\u2019impose comme une r\u00e9f\u00e9rence fran\u00e7aise incontournable dans le domaine de l\u2019intelligence des couleurs.<\/strong><\/span><\/p>\n<p>&nbsp;<\/p>\n<p><img loading=\"lazy\" decoding=\"async\" class=\"alignnone size-full wp-image-36069\" src=\"https:\/\/www.olikrom.com\/wp-content\/uploads\/2025\/10\/banniere-international.png\" alt=\"banni\u00e8re-international\" width=\"1500\" height=\"300\" srcset=\"https:\/\/www.olikrom.com\/wp-content\/uploads\/2025\/10\/banniere-international.png 1500w, https:\/\/www.olikrom.com\/wp-content\/uploads\/2025\/10\/banniere-international-300x60.png 300w, https:\/\/www.olikrom.com\/wp-content\/uploads\/2025\/10\/banniere-international-1024x205.png 1024w\" sizes=\"auto, (max-width: 1500px) 100vw, 1500px\" \/><\/p>\n<p>&nbsp;<\/p>\n<p>Pionni\u00e8re dans la <strong>fabrication et la production d\u2019encres et peintures intelligentes<\/strong> capables de changer de couleur en fonction de la lumi\u00e8re, de la temp\u00e9rature ou encore de la pression, l\u2019entreprise s\u2019est rapidement affirm\u00e9e sur la sc\u00e8ne internationale. Aujourd\u2019hui, 60% de notre chiffre d\u2019affaires est r\u00e9alis\u00e9 \u00e0 l\u2019export, preuve de l\u2019attractivit\u00e9 et de la pertinence de nos solutions sur les march\u00e9s mondiaux.<\/p>\n<p>Au-del\u00e0 des performances commerciales, OliKrom incarne \u00e9galement une ambition institutionnelle : valoriser l\u2019excellence technologique fran\u00e7aise dans le cadre de programmes strat\u00e9giques tels que France 2030 Export. Une dynamique qui illustre parfaitement la <strong>capacit\u00e9 d\u2019innovation et de rayonnement de la France<\/strong> dans des fili\u00e8res industrielles d\u2019avenir.<\/p>\n<\/div>\n<\/div><\/div><div id=\"panel-36062-0-0-1\" class=\"so-panel widget widget_sow-editor panel-last-child\" data-index=\"1\" ><div\n\t\t\t\n\t\t\tclass=\"so-widget-sow-editor so-widget-sow-editor-base\"\n\t\t\t\n\t\t>\n<div class=\"siteorigin-widget-tinymce textwidget\">\n\t<h2><strong>L\u2019expansion internationale d\u2019OliKrom : une strat\u00e9gie au service de l\u2019innovation<\/strong><\/h2>\n<h3><strong>Une entreprise fran\u00e7aise tourn\u00e9e vers le monde<\/strong><\/h3>\n<p>Depuis sa cr\u00e9ation, OliKrom a fait le choix d\u2019inscrire son <strong>d\u00e9veloppement dans une d\u00e9marche r\u00e9solument internationale<\/strong>. Notre entreprise, bas\u00e9e en Nouvelle-Aquitaine, a su convaincre au-del\u00e0 des fronti\u00e8res nationales gr\u00e2ce \u00e0 notre <a href=\"https:\/\/www.olikrom.com\/fr\/qui-sommes-nous\/\" target=\"_blank\" rel=\"noopener\">savoir-faire unique<\/a> dans la formulation de pigments et peintures intelligentes.<\/p>\n<p>Aujourd\u2019hui, nos technologies trouvent des applications dans des secteurs strat\u00e9giques et diversifi\u00e9s : transports, \u00e9nergie, d\u00e9fense, infrastructures, construction. Les industriels du monde entier nous contactent pour r\u00e9pondre \u00e0 des enjeux concrets : am\u00e9liorer la s\u00e9curit\u00e9, optimiser la maintenance, renforcer la visibilit\u00e9 nocturne ou encore anticiper les d\u00e9faillances techniques.<\/p>\n<p>Avec <strong>60% de notre chiffre d\u2019affaires r\u00e9alis\u00e9 \u00e0 l\u2019export<\/strong>, OliKrom d\u00e9montre que l\u2019innovation fran\u00e7aise en mat\u00e9riaux intelligents est capable de rivaliser et de s\u2019imposer face aux standards internationaux. Cet ancrage mondial constitue non seulement une r\u00e9ussite \u00e9conomique, mais aussi un levier d\u2019influence et de rayonnement pour la France dans des fili\u00e8res technologiques \u00e0 haute valeur ajout\u00e9e.<\/p>\n<\/div>\n<\/div><\/div><\/div><\/div><div id=\"pg-36062-1\"  class=\"panel-grid panel-has-style\" ><div class=\"siteorigin-panels-stretch panel-row-style panel-row-style-for-36062-1\" id=\"expertise\" data-stretch-type=\"full\" ><div id=\"pgc-36062-1-0\"  class=\"panel-grid-cell\" ><div id=\"panel-36062-1-0-0\" class=\"so-panel widget widget_sow-editor panel-first-child\" data-index=\"2\" ><div\n\t\t\t\n\t\t\tclass=\"so-widget-sow-editor so-widget-sow-editor-base\"\n\t\t\t\n\t\t>\n<div class=\"siteorigin-widget-tinymce textwidget\">\n\t<h3 class=\"h3-like\" style=\"text-align: left;\"><span style=\"font-size: 32px; color: #666699;\">Chiffres cl\u00e9s<\/span><\/h3>\n<\/div>\n<\/div><\/div><div id=\"panel-36062-1-0-1\" class=\"so-panel widget widget_siteorigin-panels-builder panel-last-child\" data-index=\"3\" ><div id=\"pl-w68e39f717ce9b\"  class=\"panel-layout\" ><div id=\"pg-w68e39f717ce9b-0\"  class=\"panel-grid panel-no-style\" ><div id=\"pgc-w68e39f717ce9b-0-0\"  class=\"panel-grid-cell\" ><div id=\"panel-w68e39f717ce9b-0-0-0\" class=\"so-panel widget widget_sow-editor panel-first-child\" data-index=\"0\" ><div\n\t\t\t\n\t\t\tclass=\"so-widget-sow-editor so-widget-sow-editor-base\"\n\t\t\t\n\t\t>\n<div class=\"siteorigin-widget-tinymce textwidget\">\n\t<h3 class=\"intermediaire_bleu\" style=\"text-align: center;\"><span style=\"font-size: 96px; color: #666699;\">60%<\/span><\/h3>\n<\/div>\n<\/div><\/div><div id=\"panel-w68e39f717ce9b-0-0-1\" class=\"so-panel widget widget_sow-editor panel-last-child\" data-index=\"1\" ><div\n\t\t\t\n\t\t\tclass=\"so-widget-sow-editor so-widget-sow-editor-base\"\n\t\t\t\n\t\t>\n<div class=\"siteorigin-widget-tinymce textwidget\">\n\t<h3 style=\"text-align: center;\"><span style=\"color: #666699;\">de notre chiffre d'affaires r\u00e9alis\u00e9<br \/>\n\u00e0 l'international<\/span><\/h3>\n<\/div>\n<\/div><\/div><\/div><div id=\"pgc-w68e39f717ce9b-0-1\"  class=\"panel-grid-cell\" ><div id=\"panel-w68e39f717ce9b-0-1-0\" class=\"so-panel widget widget_sow-editor panel-first-child\" data-index=\"2\" ><div\n\t\t\t\n\t\t\tclass=\"so-widget-sow-editor so-widget-sow-editor-base\"\n\t\t\t\n\t\t>\n<div class=\"siteorigin-widget-tinymce textwidget\">\n\t<h3 class=\"intermediaire_bleu\" style=\"text-align: center;\"><span style=\"font-size: 96px; color: #666699;\">70<\/span><\/h3>\n<\/div>\n<\/div><\/div><div id=\"panel-w68e39f717ce9b-0-1-1\" class=\"so-panel widget widget_sow-editor panel-last-child\" data-index=\"3\" ><div\n\t\t\t\n\t\t\tclass=\"so-widget-sow-editor so-widget-sow-editor-base\"\n\t\t\t\n\t\t>\n<div class=\"siteorigin-widget-tinymce textwidget\">\n\t<h3 style=\"text-align: center;\"><span style=\"color: #666699;\">clients\/industriels par an dans<br \/>\ntous les secteurs d'activit\u00e9s<\/span><\/h3>\n<\/div>\n<\/div><\/div><\/div><div id=\"pgc-w68e39f717ce9b-0-2\"  class=\"panel-grid-cell\" ><div id=\"panel-w68e39f717ce9b-0-2-0\" class=\"so-panel widget widget_sow-editor panel-first-child\" data-index=\"4\" ><div\n\t\t\t\n\t\t\tclass=\"so-widget-sow-editor so-widget-sow-editor-base\"\n\t\t\t\n\t\t>\n<div class=\"siteorigin-widget-tinymce textwidget\">\n\t<h3 class=\"intermediaire_bleu\" style=\"text-align: center;\"><span style=\"font-size: 96px; color: #666699;\">19<\/span><\/h3>\n<\/div>\n<\/div><\/div><div id=\"panel-w68e39f717ce9b-0-2-1\" class=\"so-panel widget widget_sow-editor panel-last-child\" data-index=\"5\" ><div\n\t\t\t\n\t\t\tclass=\"so-widget-sow-editor so-widget-sow-editor-base\"\n\t\t\t\n\t\t>\n<div class=\"siteorigin-widget-tinymce textwidget\">\n\t<h3 style=\"text-align: center;\"><span style=\"color: #666699;\">brevets internationaux et 17 marques<br \/>\ndans notre portefeuille<\/span><\/h3>\n<\/div>\n<\/div><\/div><\/div><\/div><\/div><\/div><\/div><\/div><\/div><div id=\"pg-36062-2\"  class=\"panel-grid panel-no-style\" ><div id=\"pgc-36062-2-0\"  class=\"panel-grid-cell\" ><div id=\"panel-36062-2-0-0\" class=\"so-panel widget widget_sow-editor panel-first-child panel-last-child\" data-index=\"4\" ><div\n\t\t\t\n\t\t\tclass=\"so-widget-sow-editor so-widget-sow-editor-base\"\n\t\t\t\n\t\t>\n<div class=\"siteorigin-widget-tinymce textwidget\">\n\t<h3><strong>Des projets R&amp;D collaboratifs \u00e0 l\u2019\u00e9chelle mondiale<\/strong><\/h3>\n<p>L\u2019innovation est au c\u0153ur de l\u2019ADN d\u2019OliKrom. Mais elle ne se construit pas en vase clos. Consciente que les d\u00e9fis industriels et environnementaux d\u00e9passent nos fronti\u00e8res,\u00a0 notre entreprise a fait le choix d\u2019une ouverture \u00e0 des partenariats de recherche internationaux.<\/p>\n<p>OliKrom collabore avec des <strong>industriels du monde entier<\/strong> situ\u00e9s principalement en <strong>Europe et en Am\u00e9rique du Nord<\/strong>. Ces projets permettent de mutualiser les expertises, d\u2019acc\u00e9l\u00e9rer le d\u00e9veloppement de nouvelles solutions et de d\u00e9ployer des innovations concr\u00e8tes sur des march\u00e9s mondiaux.<\/p>\n<p>Ces initiatives soulignent la position strat\u00e9gique d\u2019OliKrom : non seulement fournisseur de solutions, mais \u00e9galement<strong> partenaire scientifique<\/strong> reconnu dans la co-construction de la transition industrielle mondiale.<\/p>\n<\/div>\n<\/div><\/div><\/div><\/div><div id=\"pg-36062-3\"  class=\"panel-grid panel-no-style\" ><div id=\"pgc-36062-3-0\"  class=\"panel-grid-cell\" ><div id=\"panel-36062-3-0-0\" class=\"so-panel widget widget_sow-editor panel-first-child panel-last-child\" data-index=\"5\" ><div class=\"bordure_gauche_orange panel-widget-style panel-widget-style-for-36062-3-0-0\" ><div\n\t\t\t\n\t\t\tclass=\"so-widget-sow-editor so-widget-sow-editor-base\"\n\t\t\t\n\t\t>\n<div class=\"siteorigin-widget-tinymce textwidget\">\n\t<h3>Une reconnaissance institutionnelle : France 2030 Export<\/h3>\n<p>L\u2019engagement international d\u2019OliKrom b\u00e9n\u00e9ficie \u00e9galement d\u2019un soutien institutionnel fort. L\u2019entreprise fait partie du <strong>programme France 2030 Export<\/strong>, lanc\u00e9 par l\u2019\u00c9tat fran\u00e7ais pour accompagner les entreprises innovantes dans leur d\u00e9veloppement international.<\/p>\n<p><img loading=\"lazy\" decoding=\"async\" class=\"wp-image-36071 size-full alignleft\" src=\"https:\/\/www.olikrom.com\/wp-content\/uploads\/2025\/10\/logo-team-france-export.png\" alt=\"logo-team-france-export\" width=\"150\" height=\"150\" \/><\/p>\n<p><a href=\"https:\/\/www.teamfrance-export.fr\/page\/france-2030-export\" target=\"_blank\" rel=\"noopener\">France 2030<\/a> a pour ambition de faire \u00e9merger les champions industriels de demain et de soutenir la souverainet\u00e9 technologique du pays dans des secteurs cl\u00e9s : \u00e9nergies, transports, sant\u00e9, environnement. En int\u00e9grant ce programme, OliKrom se positionne comme un acteur strat\u00e9gique dont le rayonnement d\u00e9passe le cadre entrepreneurial pour incarner l\u2019excellence technologique fran\u00e7aise.<\/p>\n<p>Ce soutien s\u2019illustre par un accompagnement dans l\u2019identification de march\u00e9s porteurs, l\u2019acc\u00e8s \u00e0 des financements et la mise en <strong>relation avec des partenaires internationaux<\/strong>. Pour OliKrom, c\u2019est une opportunit\u00e9 de renforcer sa pr\u00e9sence sur des zones \u00e0 fort potentiel, mais aussi de contribuer \u00e0 la strat\u00e9gie nationale d\u2019influence et d\u2019ind\u00e9pendance industrielle.<\/p>\n<\/div>\n<\/div><\/div><\/div><\/div><\/div><div id=\"pg-36062-4\"  class=\"panel-grid panel-no-style\" ><div id=\"pgc-36062-4-0\"  class=\"panel-grid-cell\" ><div id=\"panel-36062-4-0-0\" class=\"so-panel widget widget_sow-editor panel-first-child\" data-index=\"6\" ><div\n\t\t\t\n\t\t\tclass=\"so-widget-sow-editor so-widget-sow-editor-base\"\n\t\t\t\n\t\t>\n<div class=\"siteorigin-widget-tinymce textwidget\">\n\t<h2>Pr\u00e9sence et rayonnement sur la sc\u00e8ne internationale<\/h2>\n<h3>Participation aux grands \u00e9v\u00e9nements mondiaux<\/h3>\n<p>L'internationalisation d\u2019OliKrom s\u2019illustre \u00e9galement \u00e0 travers sa <strong>pr\u00e9sence dans les grands rendez-vous mondiaux<\/strong> de l\u2019industrie.<\/p>\n<p>En 2025, nos \u00e9quipes participent au<strong> Big 5 \u00e0 Duba\u00ef<\/strong>, l\u2019un des salons de r\u00e9f\u00e9rence pour le secteur de la construction et des infrastructures. Cet \u00e9v\u00e9nement, qui rassemble chaque ann\u00e9e des milliers d\u2019exposants et de d\u00e9cideurs venus du monde entier, constitue une vitrine id\u00e9ale pour mettre en valeur la gamme de produits d\u00e9velopp\u00e9e par OliKrom, notamment LuminoKrom\u00ae, la peinture photoluminescente d\u00e9di\u00e9e \u00e0 la s\u00e9curit\u00e9 routi\u00e8re et cyclable.<\/p>\n<p>&nbsp;<\/p>\n<p><img loading=\"lazy\" decoding=\"async\" class=\"wp-image-36074 size-large aligncenter\" style=\"margin-bottom: 0.5em;\" src=\"https:\/\/www.olikrom.com\/wp-content\/uploads\/2025\/10\/salon-big5-1024x464.png\" alt=\"visiteurs salon big5\" width=\"1016\" height=\"460\" srcset=\"https:\/\/www.olikrom.com\/wp-content\/uploads\/2025\/10\/salon-big5-1024x464.png 1024w, https:\/\/www.olikrom.com\/wp-content\/uploads\/2025\/10\/salon-big5-300x136.png 300w, https:\/\/www.olikrom.com\/wp-content\/uploads\/2025\/10\/salon-big5.png 1500w\" sizes=\"auto, (max-width: 1016px) 100vw, 1016px\" \/><\/p>\n<p>La participation \u00e0 ce type de salon international permet de renforcer la visibilit\u00e9, de nouer de nouveaux partenariats strat\u00e9giques et d\u2019ouvrir des perspectives de d\u00e9veloppement sur des march\u00e9s en pleine expansion, comme le Moyen-Orient et l\u2019Asie. Elle confirme \u00e9galement la place d\u2019OliKrom comme interlocuteur incontournable dans la <strong>transition vers des infrastructures plus s\u00fbres et plus durables<\/strong>.<\/p>\n<p>&nbsp;<\/p>\n<div class=\"btn_orange\"><a href=\"https:\/\/www.big5global.com\/\" target=\"_blank\" rel=\"noopener\">JE D\u00c9COUVRE LE SALON<\/a><\/div>\n<\/div>\n<\/div><\/div><div id=\"panel-36062-4-0-1\" class=\"so-panel widget widget_sow-editor panel-last-child\" data-index=\"7\" ><div\n\t\t\t\n\t\t\tclass=\"so-widget-sow-editor so-widget-sow-editor-base\"\n\t\t\t\n\t\t>\n<div class=\"siteorigin-widget-tinymce textwidget\">\n\t<h3><strong>Des partenariats strat\u00e9giques et visites institutionnelles<\/strong><\/h3>\n<p>Au-del\u00e0 des salons, l\u2019internationalisation passe aussi par des <strong>rencontres institutionnelles et diplomatiques<\/strong>. En septembre 2025, OliKrom a eu l\u2019honneur d\u2019accueillir une d\u00e9l\u00e9gation du Qatar, venue d\u00e9couvrir ses technologies et explorer les opportunit\u00e9s de coop\u00e9ration.<\/p>\n<p>Cette visite t\u00e9moigne de l\u2019int\u00e9r\u00eat port\u00e9 par des pays strat\u00e9giques aux solutions fran\u00e7aises en mati\u00e8re de s\u00e9curit\u00e9, de mobilit\u00e9 durable et d\u2019innovation industrielle. Elle illustre aussi la capacit\u00e9 d\u2019OliKrom \u00e0 dialoguer avec des d\u00e9cideurs de haut niveau, qu\u2019ils soient industriels, politiques ou institutionnels.<\/p>\n<p>De telles initiatives renforcent la <strong>cr\u00e9dibilit\u00e9 d\u2019OliKrom sur la sc\u00e8ne internationale<\/strong> et favorisent la construction de partenariats \u00e0 long terme. Elles participent \u00e9galement \u00e0 la diplomatie \u00e9conomique fran\u00e7aise, en valorisant la capacit\u00e9 du pays \u00e0 proposer des technologies de pointe r\u00e9pondant aux grands d\u00e9fis de notre \u00e9poque.<\/p>\n<p>&nbsp;<\/p>\n<p><img loading=\"lazy\" decoding=\"async\" class=\"wp-image-36076 size-large aligncenter\" src=\"https:\/\/www.olikrom.com\/wp-content\/uploads\/2025\/10\/visite-delegation-internationale-qatar-1024x464.png\" alt=\"visite et accueil d\u00e9l\u00e9gation qatar\" width=\"1016\" height=\"460\" srcset=\"https:\/\/www.olikrom.com\/wp-content\/uploads\/2025\/10\/visite-delegation-internationale-qatar-1024x464.png 1024w, https:\/\/www.olikrom.com\/wp-content\/uploads\/2025\/10\/visite-delegation-internationale-qatar-300x136.png 300w, https:\/\/www.olikrom.com\/wp-content\/uploads\/2025\/10\/visite-delegation-internationale-qatar.png 1500w\" sizes=\"auto, (max-width: 1016px) 100vw, 1016px\" \/><\/p>\n<\/div>\n<\/div><\/div><\/div><\/div><div id=\"pg-36062-5\"  class=\"panel-grid panel-no-style\" ><div id=\"pgc-36062-5-0\"  class=\"panel-grid-cell\" ><div id=\"panel-36062-5-0-0\" class=\"so-panel widget widget_sow-editor panel-first-child panel-last-child\" data-index=\"8\" ><div\n\t\t\t\n\t\t\tclass=\"so-widget-sow-editor so-widget-sow-editor-base\"\n\t\t\t\n\t\t>\n<div class=\"siteorigin-widget-tinymce textwidget\">\n\t<h2>Le r\u00f4le d\u2019OliKrom comme ambassadeur de l\u2019innovation fran\u00e7aise<\/h2>\n<p>Au travers de ses succ\u00e8s internationaux, OliKrom n\u2019est pas seulement une entreprise innovante : elle est un<strong> ambassadeur de l\u2019innovation fran\u00e7aise<\/strong>.<\/p>\n<p>Nos technologies traduisent une capacit\u00e9 unique \u00e0 transformer la science en solutions industrielles concr\u00e8tes, capables d\u2019am\u00e9liorer la s\u00e9curit\u00e9, de r\u00e9duire l\u2019empreinte environnementale et de renforcer la comp\u00e9titivit\u00e9 des acteurs mondiaux. En exportant son savoir-faire, OliKrom contribue \u00e9galement \u00e0 renforcer l\u2019image de la France comme nation pionni\u00e8re dans les technologies de rupture.<\/p>\n<p>&nbsp;<\/p>\n<div class=\"btn_orange\"><a href=\"https:\/\/www.olikrom.com\/fr\/unite-de-production\/\">En savoir plus sur notre unit\u00e9 de production<\/a><\/div>\n<p>Cet engagement s\u2019inscrit dans une logique plus large : celle d\u2019une <strong>\u00e9conomie fran\u00e7aise souveraine et comp\u00e9titive<\/strong>, capable de rivaliser avec les grandes puissances industrielles mondiales. \u00c0 travers son d\u00e9veloppement international, OliKrom d\u00e9montre que les champions fran\u00e7ais de demain sont d\u00e9j\u00e0 \u00e0 l\u2019\u0153uvre, et qu\u2019ils portent haut les <strong>couleurs de l\u2019excellence scientifique et industrielle du pays<\/strong>.<\/p>\n<\/div>\n<\/div><\/div><\/div><\/div><div id=\"pg-36062-6\"  class=\"panel-grid panel-no-style\" ><div id=\"pgc-36062-6-0\"  class=\"panel-grid-cell\" ><div id=\"panel-36062-6-0-0\" class=\"so-panel widget widget_sow-editor panel-first-child panel-last-child\" data-index=\"9\" ><div\n\t\t\t\n\t\t\tclass=\"so-widget-sow-editor so-widget-sow-editor-base\"\n\t\t\t\n\t\t>\n<div class=\"siteorigin-widget-tinymce textwidget\">\n\t<h2>L\u2019international comme levier strat\u00e9gique pour OliKrom et la France<\/h2>\n<p>Avec 60 % de son chiffre d\u2019affaires r\u00e9alis\u00e9 \u00e0 l\u2019international, des projets R&amp;D men\u00e9s aux quatre coins du monde, une <strong>reconnaissance institutionnelle via France 2030 Export<\/strong> et une pr\u00e9sence active dans les grands \u00e9v\u00e9nements mondiaux, OliKrom s\u2019impose comme un acteur strat\u00e9gique de l\u2019innovation fran\u00e7aise \u00e0 l\u2019international.<\/p>\n<p>Au-del\u00e0 des succ\u00e8s commerciaux, l\u2019entreprise incarne une vision : celle d\u2019une France qui innove, exporte son savoir-faire et contribue activement \u00e0 la<strong> transformation industrielle mondiale<\/strong>. En pla\u00e7ant l\u2019intelligence des couleurs au service de la s\u00e9curit\u00e9, de la transition \u00e9cologique et de la comp\u00e9titivit\u00e9 des entreprises, OliKrom participe \u00e0 construire les solutions industrielles du futur.<\/p>\n<p>Pour les d\u00e9cideurs publics, les partenaires institutionnels et les acteurs \u00e9conomiques, l\u2019exemple d\u2019OliKrom illustre parfaitement le r\u00f4le cl\u00e9 que peuvent jouer les entreprises fran\u00e7aises dans le rayonnement international et la souverainet\u00e9 technologique de demain.<\/p>\n<p><strong>Retrouvez-nous du 24 au 27 novembre 2025 au Salon du Big5 Global !\u00a0<\/strong><\/p>\n<p>&nbsp;<\/p>\n<p>&nbsp;<\/p>\n<\/div>\n<\/div><\/div><\/div><\/div><\/div>","protected":false},"excerpt":{"rendered":"<p>Dans un monde en constante mutation, marqu\u00e9 par l\u2019urgence climatique, la transition \u00e9nerg\u00e9tique et la n\u00e9cessit\u00e9 d\u2019innover pour rester comp\u00e9titif, la ma\u00eetrise de technologies de rupture est devenue un [&hellip;]<\/p>\n","protected":false},"author":10,"featured_media":36065,"comment_status":"closed","ping_status":"closed","sticky":false,"template":"","format":"standard","meta":{"inline_featured_image":false,"footnotes":""},"categories":[367],"tags":[],"class_list":["post-36062","post","type-post","status-publish","format-standard","has-post-thumbnail","hentry","category-actualites"],"yoast_head":"<!-- This site is optimized with the Yoast SEO plugin v27.5 - https:\/\/yoast.com\/product\/yoast-seo-wordpress\/ -->\n<title>OliKrom se d\u00e9veloppe \u00e0 l\u2019international avec 60% du CA \u00e0 l\u2019export<\/title>\n<meta name=\"description\" content=\"Acteur de France 2030 Export, l\u2019entreprise fran\u00e7aise OliKrom incarne l\u2019excellence en mat\u00e9riaux intelligents sur la sc\u00e8ne mondiale.\" \/>\n<meta name=\"robots\" content=\"index, follow, max-snippet:-1, max-image-preview:large, max-video-preview:-1\" \/>\n<link rel=\"canonical\" href=\"https:\/\/www.olikrom.com\/fr\/blog\/actualites\/olikrom-a-la-conquete-de-linternational\/\" \/>\n<meta property=\"og:locale\" content=\"fr_FR\" \/>\n<meta property=\"og:type\" content=\"article\" \/>\n<meta property=\"og:title\" content=\"OliKrom se d\u00e9veloppe \u00e0 l\u2019international avec 60% du CA \u00e0 l\u2019export\" \/>\n<meta property=\"og:description\" content=\"Acteur de France 2030 Export, l\u2019entreprise fran\u00e7aise OliKrom incarne l\u2019excellence en mat\u00e9riaux intelligents sur la sc\u00e8ne mondiale.\" \/>\n<meta property=\"og:url\" content=\"https:\/\/www.olikrom.com\/fr\/blog\/actualites\/olikrom-a-la-conquete-de-linternational\/\" \/>\n<meta property=\"og:site_name\" content=\"OliKrom\" \/>\n<meta property=\"article:published_time\" content=\"2025-10-06T10:52:46+00:00\" \/>\n<meta property=\"og:image\" content=\"https:\/\/www.olikrom.com\/wp-content\/uploads\/2025\/10\/olikrom-international-preview.png\" \/>\n\t<meta property=\"og:image:width\" content=\"532\" \/>\n\t<meta property=\"og:image:height\" content=\"251\" \/>\n\t<meta property=\"og:image:type\" content=\"image\/png\" \/>\n<meta name=\"author\" content=\"olikrom\" \/>\n<meta name=\"twitter:card\" content=\"summary_large_image\" \/>\n<meta name=\"twitter:label1\" content=\"\u00c9crit par\" \/>\n\t<meta name=\"twitter:data1\" content=\"olikrom\" \/>\n<script type=\"application\/ld+json\" class=\"yoast-schema-graph\">{\"@context\":\"https:\\\/\\\/schema.org\",\"@graph\":[{\"@type\":\"Article\",\"@id\":\"https:\\\/\\\/www.olikrom.com\\\/fr\\\/blog\\\/actualites\\\/olikrom-a-la-conquete-de-linternational\\\/#article\",\"isPartOf\":{\"@id\":\"https:\\\/\\\/www.olikrom.com\\\/fr\\\/blog\\\/actualites\\\/olikrom-a-la-conquete-de-linternational\\\/\"},\"author\":{\"name\":\"olikrom\",\"@id\":\"https:\\\/\\\/www.olikrom.com\\\/fr\\\/#\\\/schema\\\/person\\\/9df28334ff037f296d71c6cf145904ca\"},\"headline\":\"OliKrom, acteur fran\u00e7ais \u00e0 la conqu\u00eate de l\u2019international\",\"datePublished\":\"2025-10-06T10:52:46+00:00\",\"mainEntityOfPage\":{\"@id\":\"https:\\\/\\\/www.olikrom.com\\\/fr\\\/blog\\\/actualites\\\/olikrom-a-la-conquete-de-linternational\\\/\"},\"wordCount\":1380,\"publisher\":{\"@id\":\"https:\\\/\\\/www.olikrom.com\\\/fr\\\/#organization\"},\"image\":{\"@id\":\"https:\\\/\\\/www.olikrom.com\\\/fr\\\/blog\\\/actualites\\\/olikrom-a-la-conquete-de-linternational\\\/#primaryimage\"},\"thumbnailUrl\":\"https:\\\/\\\/www.olikrom.com\\\/wp-content\\\/uploads\\\/2025\\\/10\\\/olikrom-international-preview.png\",\"articleSection\":[\"Actualit\u00e9s\"],\"inLanguage\":\"fr-FR\"},{\"@type\":\"WebPage\",\"@id\":\"https:\\\/\\\/www.olikrom.com\\\/fr\\\/blog\\\/actualites\\\/olikrom-a-la-conquete-de-linternational\\\/\",\"url\":\"https:\\\/\\\/www.olikrom.com\\\/fr\\\/blog\\\/actualites\\\/olikrom-a-la-conquete-de-linternational\\\/\",\"name\":\"OliKrom se d\u00e9veloppe \u00e0 l\u2019international avec 60% du CA \u00e0 l\u2019export\",\"isPartOf\":{\"@id\":\"https:\\\/\\\/www.olikrom.com\\\/fr\\\/#website\"},\"primaryImageOfPage\":{\"@id\":\"https:\\\/\\\/www.olikrom.com\\\/fr\\\/blog\\\/actualites\\\/olikrom-a-la-conquete-de-linternational\\\/#primaryimage\"},\"image\":{\"@id\":\"https:\\\/\\\/www.olikrom.com\\\/fr\\\/blog\\\/actualites\\\/olikrom-a-la-conquete-de-linternational\\\/#primaryimage\"},\"thumbnailUrl\":\"https:\\\/\\\/www.olikrom.com\\\/wp-content\\\/uploads\\\/2025\\\/10\\\/olikrom-international-preview.png\",\"datePublished\":\"2025-10-06T10:52:46+00:00\",\"description\":\"Acteur de France 2030 Export, l\u2019entreprise fran\u00e7aise OliKrom incarne l\u2019excellence en mat\u00e9riaux intelligents sur la sc\u00e8ne mondiale.\",\"breadcrumb\":{\"@id\":\"https:\\\/\\\/www.olikrom.com\\\/fr\\\/blog\\\/actualites\\\/olikrom-a-la-conquete-de-linternational\\\/#breadcrumb\"},\"inLanguage\":\"fr-FR\",\"potentialAction\":[{\"@type\":\"ReadAction\",\"target\":[\"https:\\\/\\\/www.olikrom.com\\\/fr\\\/blog\\\/actualites\\\/olikrom-a-la-conquete-de-linternational\\\/\"]}]},{\"@type\":\"ImageObject\",\"inLanguage\":\"fr-FR\",\"@id\":\"https:\\\/\\\/www.olikrom.com\\\/fr\\\/blog\\\/actualites\\\/olikrom-a-la-conquete-de-linternational\\\/#primaryimage\",\"url\":\"https:\\\/\\\/www.olikrom.com\\\/wp-content\\\/uploads\\\/2025\\\/10\\\/olikrom-international-preview.png\",\"contentUrl\":\"https:\\\/\\\/www.olikrom.com\\\/wp-content\\\/uploads\\\/2025\\\/10\\\/olikrom-international-preview.png\",\"width\":532,\"height\":251,\"caption\":\"olikrom \u00e0 lineternational\"},{\"@type\":\"BreadcrumbList\",\"@id\":\"https:\\\/\\\/www.olikrom.com\\\/fr\\\/blog\\\/actualites\\\/olikrom-a-la-conquete-de-linternational\\\/#breadcrumb\",\"itemListElement\":[{\"@type\":\"ListItem\",\"position\":1,\"name\":\"Home\",\"item\":\"https:\\\/\\\/www.olikrom.com\\\/fr\\\/\"},{\"@type\":\"ListItem\",\"position\":2,\"name\":\"OliKrom, acteur fran\u00e7ais \u00e0 la conqu\u00eate de l\u2019international\"}]},{\"@type\":\"WebSite\",\"@id\":\"https:\\\/\\\/www.olikrom.com\\\/fr\\\/#website\",\"url\":\"https:\\\/\\\/www.olikrom.com\\\/fr\\\/\",\"name\":\"OliKrom\",\"description\":\"\",\"publisher\":{\"@id\":\"https:\\\/\\\/www.olikrom.com\\\/fr\\\/#organization\"},\"potentialAction\":[{\"@type\":\"SearchAction\",\"target\":{\"@type\":\"EntryPoint\",\"urlTemplate\":\"https:\\\/\\\/www.olikrom.com\\\/fr\\\/?s={search_term_string}\"},\"query-input\":{\"@type\":\"PropertyValueSpecification\",\"valueRequired\":true,\"valueName\":\"search_term_string\"}}],\"inLanguage\":\"fr-FR\"},{\"@type\":\"Organization\",\"@id\":\"https:\\\/\\\/www.olikrom.com\\\/fr\\\/#organization\",\"name\":\"Olikrom\",\"url\":\"https:\\\/\\\/www.olikrom.com\\\/fr\\\/\",\"logo\":{\"@type\":\"ImageObject\",\"inLanguage\":\"fr-FR\",\"@id\":\"https:\\\/\\\/www.olikrom.com\\\/fr\\\/#\\\/schema\\\/logo\\\/image\\\/\",\"url\":\"https:\\\/\\\/www.olikrom.com\\\/wp-content\\\/uploads\\\/2022\\\/01\\\/olikrom-logo-couleurs-2021-ok.png\",\"contentUrl\":\"https:\\\/\\\/www.olikrom.com\\\/wp-content\\\/uploads\\\/2022\\\/01\\\/olikrom-logo-couleurs-2021-ok.png\",\"width\":285,\"height\":84,\"caption\":\"Olikrom\"},\"image\":{\"@id\":\"https:\\\/\\\/www.olikrom.com\\\/fr\\\/#\\\/schema\\\/logo\\\/image\\\/\"}},{\"@type\":\"Person\",\"@id\":\"https:\\\/\\\/www.olikrom.com\\\/fr\\\/#\\\/schema\\\/person\\\/9df28334ff037f296d71c6cf145904ca\",\"name\":\"olikrom\",\"image\":{\"@type\":\"ImageObject\",\"inLanguage\":\"fr-FR\",\"@id\":\"https:\\\/\\\/secure.gravatar.com\\\/avatar\\\/610dbff3ea490fd0b981b1b2f5a26a440c8e40f8f474fc7fb84a8ac9573692f1?s=96&d=mm&r=g\",\"url\":\"https:\\\/\\\/secure.gravatar.com\\\/avatar\\\/610dbff3ea490fd0b981b1b2f5a26a440c8e40f8f474fc7fb84a8ac9573692f1?s=96&d=mm&r=g\",\"contentUrl\":\"https:\\\/\\\/secure.gravatar.com\\\/avatar\\\/610dbff3ea490fd0b981b1b2f5a26a440c8e40f8f474fc7fb84a8ac9573692f1?s=96&d=mm&r=g\",\"caption\":\"olikrom\"}}]}<\/script>\n<!-- \/ Yoast SEO plugin. -->","yoast_head_json":{"title":"OliKrom se d\u00e9veloppe \u00e0 l\u2019international avec 60% du CA \u00e0 l\u2019export","description":"Acteur de France 2030 Export, l\u2019entreprise fran\u00e7aise OliKrom incarne l\u2019excellence en mat\u00e9riaux intelligents sur la sc\u00e8ne mondiale.","robots":{"index":"index","follow":"follow","max-snippet":"max-snippet:-1","max-image-preview":"max-image-preview:large","max-video-preview":"max-video-preview:-1"},"canonical":"https:\/\/www.olikrom.com\/fr\/blog\/actualites\/olikrom-a-la-conquete-de-linternational\/","og_locale":"fr_FR","og_type":"article","og_title":"OliKrom se d\u00e9veloppe \u00e0 l\u2019international avec 60% du CA \u00e0 l\u2019export","og_description":"Acteur de France 2030 Export, l\u2019entreprise fran\u00e7aise OliKrom incarne l\u2019excellence en mat\u00e9riaux intelligents sur la sc\u00e8ne mondiale.","og_url":"https:\/\/www.olikrom.com\/fr\/blog\/actualites\/olikrom-a-la-conquete-de-linternational\/","og_site_name":"OliKrom","article_published_time":"2025-10-06T10:52:46+00:00","og_image":[{"width":532,"height":251,"url":"https:\/\/www.olikrom.com\/wp-content\/uploads\/2025\/10\/olikrom-international-preview.png","type":"image\/png"}],"author":"olikrom","twitter_card":"summary_large_image","twitter_misc":{"\u00c9crit par":"olikrom"},"schema":{"@context":"https:\/\/schema.org","@graph":[{"@type":"Article","@id":"https:\/\/www.olikrom.com\/fr\/blog\/actualites\/olikrom-a-la-conquete-de-linternational\/#article","isPartOf":{"@id":"https:\/\/www.olikrom.com\/fr\/blog\/actualites\/olikrom-a-la-conquete-de-linternational\/"},"author":{"name":"olikrom","@id":"https:\/\/www.olikrom.com\/fr\/#\/schema\/person\/9df28334ff037f296d71c6cf145904ca"},"headline":"OliKrom, acteur fran\u00e7ais \u00e0 la conqu\u00eate de l\u2019international","datePublished":"2025-10-06T10:52:46+00:00","mainEntityOfPage":{"@id":"https:\/\/www.olikrom.com\/fr\/blog\/actualites\/olikrom-a-la-conquete-de-linternational\/"},"wordCount":1380,"publisher":{"@id":"https:\/\/www.olikrom.com\/fr\/#organization"},"image":{"@id":"https:\/\/www.olikrom.com\/fr\/blog\/actualites\/olikrom-a-la-conquete-de-linternational\/#primaryimage"},"thumbnailUrl":"https:\/\/www.olikrom.com\/wp-content\/uploads\/2025\/10\/olikrom-international-preview.png","articleSection":["Actualit\u00e9s"],"inLanguage":"fr-FR"},{"@type":"WebPage","@id":"https:\/\/www.olikrom.com\/fr\/blog\/actualites\/olikrom-a-la-conquete-de-linternational\/","url":"https:\/\/www.olikrom.com\/fr\/blog\/actualites\/olikrom-a-la-conquete-de-linternational\/","name":"OliKrom se d\u00e9veloppe \u00e0 l\u2019international avec 60% du CA \u00e0 l\u2019export","isPartOf":{"@id":"https:\/\/www.olikrom.com\/fr\/#website"},"primaryImageOfPage":{"@id":"https:\/\/www.olikrom.com\/fr\/blog\/actualites\/olikrom-a-la-conquete-de-linternational\/#primaryimage"},"image":{"@id":"https:\/\/www.olikrom.com\/fr\/blog\/actualites\/olikrom-a-la-conquete-de-linternational\/#primaryimage"},"thumbnailUrl":"https:\/\/www.olikrom.com\/wp-content\/uploads\/2025\/10\/olikrom-international-preview.png","datePublished":"2025-10-06T10:52:46+00:00","description":"Acteur de France 2030 Export, l\u2019entreprise fran\u00e7aise OliKrom incarne l\u2019excellence en mat\u00e9riaux intelligents sur la sc\u00e8ne mondiale.","breadcrumb":{"@id":"https:\/\/www.olikrom.com\/fr\/blog\/actualites\/olikrom-a-la-conquete-de-linternational\/#breadcrumb"},"inLanguage":"fr-FR","potentialAction":[{"@type":"ReadAction","target":["https:\/\/www.olikrom.com\/fr\/blog\/actualites\/olikrom-a-la-conquete-de-linternational\/"]}]},{"@type":"ImageObject","inLanguage":"fr-FR","@id":"https:\/\/www.olikrom.com\/fr\/blog\/actualites\/olikrom-a-la-conquete-de-linternational\/#primaryimage","url":"https:\/\/www.olikrom.com\/wp-content\/uploads\/2025\/10\/olikrom-international-preview.png","contentUrl":"https:\/\/www.olikrom.com\/wp-content\/uploads\/2025\/10\/olikrom-international-preview.png","width":532,"height":251,"caption":"olikrom \u00e0 lineternational"},{"@type":"BreadcrumbList","@id":"https:\/\/www.olikrom.com\/fr\/blog\/actualites\/olikrom-a-la-conquete-de-linternational\/#breadcrumb","itemListElement":[{"@type":"ListItem","position":1,"name":"Home","item":"https:\/\/www.olikrom.com\/fr\/"},{"@type":"ListItem","position":2,"name":"OliKrom, acteur fran\u00e7ais \u00e0 la conqu\u00eate de l\u2019international"}]},{"@type":"WebSite","@id":"https:\/\/www.olikrom.com\/fr\/#website","url":"https:\/\/www.olikrom.com\/fr\/","name":"OliKrom","description":"","publisher":{"@id":"https:\/\/www.olikrom.com\/fr\/#organization"},"potentialAction":[{"@type":"SearchAction","target":{"@type":"EntryPoint","urlTemplate":"https:\/\/www.olikrom.com\/fr\/?s={search_term_string}"},"query-input":{"@type":"PropertyValueSpecification","valueRequired":true,"valueName":"search_term_string"}}],"inLanguage":"fr-FR"},{"@type":"Organization","@id":"https:\/\/www.olikrom.com\/fr\/#organization","name":"Olikrom","url":"https:\/\/www.olikrom.com\/fr\/","logo":{"@type":"ImageObject","inLanguage":"fr-FR","@id":"https:\/\/www.olikrom.com\/fr\/#\/schema\/logo\/image\/","url":"https:\/\/www.olikrom.com\/wp-content\/uploads\/2022\/01\/olikrom-logo-couleurs-2021-ok.png","contentUrl":"https:\/\/www.olikrom.com\/wp-content\/uploads\/2022\/01\/olikrom-logo-couleurs-2021-ok.png","width":285,"height":84,"caption":"Olikrom"},"image":{"@id":"https:\/\/www.olikrom.com\/fr\/#\/schema\/logo\/image\/"}},{"@type":"Person","@id":"https:\/\/www.olikrom.com\/fr\/#\/schema\/person\/9df28334ff037f296d71c6cf145904ca","name":"olikrom","image":{"@type":"ImageObject","inLanguage":"fr-FR","@id":"https:\/\/secure.gravatar.com\/avatar\/610dbff3ea490fd0b981b1b2f5a26a440c8e40f8f474fc7fb84a8ac9573692f1?s=96&d=mm&r=g","url":"https:\/\/secure.gravatar.com\/avatar\/610dbff3ea490fd0b981b1b2f5a26a440c8e40f8f474fc7fb84a8ac9573692f1?s=96&d=mm&r=g","contentUrl":"https:\/\/secure.gravatar.com\/avatar\/610dbff3ea490fd0b981b1b2f5a26a440c8e40f8f474fc7fb84a8ac9573692f1?s=96&d=mm&r=g","caption":"olikrom"}}]}},"_links":{"self":[{"href":"https:\/\/www.olikrom.com\/fr\/wp-json\/wp\/v2\/posts\/36062","targetHints":{"allow":["GET"]}}],"collection":[{"href":"https:\/\/www.olikrom.com\/fr\/wp-json\/wp\/v2\/posts"}],"about":[{"href":"https:\/\/www.olikrom.com\/fr\/wp-json\/wp\/v2\/types\/post"}],"author":[{"embeddable":true,"href":"https:\/\/www.olikrom.com\/fr\/wp-json\/wp\/v2\/users\/10"}],"replies":[{"embeddable":true,"href":"https:\/\/www.olikrom.com\/fr\/wp-json\/wp\/v2\/comments?post=36062"}],"version-history":[{"count":5,"href":"https:\/\/www.olikrom.com\/fr\/wp-json\/wp\/v2\/posts\/36062\/revisions"}],"predecessor-version":[{"id":36083,"href":"https:\/\/www.olikrom.com\/fr\/wp-json\/wp\/v2\/posts\/36062\/revisions\/36083"}],"wp:featuredmedia":[{"embeddable":true,"href":"https:\/\/www.olikrom.com\/fr\/wp-json\/wp\/v2\/media\/36065"}],"wp:attachment":[{"href":"https:\/\/www.olikrom.com\/fr\/wp-json\/wp\/v2\/media?parent=36062"}],"wp:term":[{"taxonomy":"category","embeddable":true,"href":"https:\/\/www.olikrom.com\/fr\/wp-json\/wp\/v2\/categories?post=36062"},{"taxonomy":"post_tag","embeddable":true,"href":"https:\/\/www.olikrom.com\/fr\/wp-json\/wp\/v2\/tags?post=36062"}],"curies":[{"name":"wp","href":"https:\/\/api.w.org\/{rel}","templated":true}]}}