{"id":35005,"date":"2024-12-02T13:32:35","date_gmt":"2024-12-02T11:32:35","guid":{"rendered":"https:\/\/www.olikrom.com\/?p=35005"},"modified":"2024-12-09T15:02:20","modified_gmt":"2024-12-09T13:02:20","slug":"une-visite-ministerielle-marquante-au-siege-dolikrom","status":"publish","type":"post","link":"https:\/\/www.olikrom.com\/fr\/blog\/actualites\/visite-ministerielle-marquante-au-siege-dolikrom\/","title":{"rendered":"Une visite minist\u00e9rielle marquante au si\u00e8ge d\u2019OliKrom"},"content":{"rendered":"<div id=\"pl-35005\"  class=\"panel-layout\" ><div id=\"pg-35005-0\"  class=\"panel-grid panel-no-style\" ><div id=\"pgc-35005-0-0\"  class=\"panel-grid-cell\" ><div id=\"panel-35005-0-0-0\" class=\"so-panel widget widget_sow-editor panel-first-child\" data-index=\"0\" ><div\n\t\t\t\n\t\t\tclass=\"so-widget-sow-editor so-widget-sow-editor-base\"\n\t\t\t\n\t\t>\n<div class=\"siteorigin-widget-tinymce textwidget\">\n\t<p><strong><span style=\"font-size: 20px;\">Quand innovation rencontre transformation publique : La semaine derni\u00e8re, notre soci\u00e9t\u00e9 OliKrom a accueilli une visite minist\u00e9rielle exceptionnelle. Guillaume Kasbarian, Ministre de la Fonction publique, est venu d\u00e9couvrir notre expertise unique en mat\u00e9riaux intelligents et \u00e9changer sur les d\u00e9fis administratifs freinant l\u2019innovation. Retour sur cette rencontre marquante.<\/span><\/strong><\/p>\n<p>&nbsp;<\/p>\n<p><img loading=\"lazy\" decoding=\"async\" class=\"alignnone size-full wp-image-35010\" style=\"font-size: 1.6em;\" src=\"https:\/\/www.olikrom.com\/wp-content\/uploads\/2024\/12\/visite-ministre-guillaume-kasbarian.png\" alt=\"Visite du ministre au si\u00e8ge Olikrom\" width=\"1500\" height=\"680\" srcset=\"https:\/\/www.olikrom.com\/wp-content\/uploads\/2024\/12\/visite-ministre-guillaume-kasbarian.png 1500w, https:\/\/www.olikrom.com\/wp-content\/uploads\/2024\/12\/visite-ministre-guillaume-kasbarian-300x136.png 300w, https:\/\/www.olikrom.com\/wp-content\/uploads\/2024\/12\/visite-ministre-guillaume-kasbarian-1024x464.png 1024w\" sizes=\"auto, (max-width: 1500px) 100vw, 1500px\" \/><\/p>\n<\/div>\n<\/div><\/div><div id=\"panel-35005-0-0-1\" class=\"so-panel widget widget_sow-editor panel-last-child\" data-index=\"1\" ><div\n\t\t\t\n\t\t\tclass=\"so-widget-sow-editor so-widget-sow-editor-base\"\n\t\t\t\n\t\t>\n<div class=\"siteorigin-widget-tinymce textwidget\">\n\t<div><\/div>\n<h2><strong>Rencontre avec les \u00e9quipes d\u2019OliKrom : innovation et savoir-faire au premier plan<\/strong><\/h2>\n<p><img loading=\"lazy\" decoding=\"async\" class=\"alignleft wp-image-35014 size-full\" src=\"https:\/\/www.olikrom.com\/wp-content\/uploads\/2024\/12\/visite-batiment-ministre.png\" alt=\"Visite du ministre au si\u00e8ge Olikrom\" width=\"300\" height=\"300\" srcset=\"https:\/\/www.olikrom.com\/wp-content\/uploads\/2024\/12\/visite-batiment-ministre.png 300w, https:\/\/www.olikrom.com\/wp-content\/uploads\/2024\/12\/visite-batiment-ministre-150x150.png 150w\" sizes=\"auto, (max-width: 300px) 100vw, 300px\" \/><\/p>\n<p>La semaine derni\u00e8re,\u00a0 notre entreprise OliKrom a eu l\u2019honneur d\u2019<strong>accueillir Guillaume Kasbarian<\/strong>, Ministre de la Fonction publique, de la Simplification et de la Transformation de l\u2019action publique, dans son si\u00e8ge social \u00e0 Pessac.<\/p>\n<p>Organis\u00e9e en collaboration avec le Club des ETI de Nouvelle-Aquitaine, cette visite a mis en lumi\u00e8re l\u2019expertise unique d\u2019OliKrom dans le domaine des mat\u00e9riaux intelligents.<\/p>\n<p>Lors de cette rencontre, nos \u00e9quipes ont eu l\u2019opportunit\u00e9 de pr\u00e9senter les technologies d\u2019OliKrom, notamment la peinture photoluminescente LuminoKrom\u00ae, un produit innovant con\u00e7u pour s\u00e9curiser les mobilit\u00e9s douces en voies circul\u00e9es. Ce fut \u00e9galement un moment privil\u00e9gi\u00e9 pour \u00e9changer avec Jean-Fran\u00e7ois L\u00e9tard, fondateur d\u2019OliKrom, sur les <strong>d\u00e9fis administratifs freinant l\u2019exploitation<\/strong> optimale de notre p\u00eainture routi\u00e8re luminescente.<\/p>\n<p>&nbsp;<\/p>\n<\/div>\n<\/div><\/div><\/div><\/div><div id=\"pg-35005-1\"  class=\"panel-grid panel-no-style\" ><div id=\"pgc-35005-1-0\"  class=\"panel-grid-cell\" ><div id=\"panel-35005-1-0-0\" class=\"so-panel widget widget_sow-editor panel-first-child\" data-index=\"2\" ><div\n\t\t\t\n\t\t\tclass=\"so-widget-sow-editor so-widget-sow-editor-base\"\n\t\t\t\n\t\t>\n<div class=\"siteorigin-widget-tinymce textwidget\">\n\t<h2>Qu\u2019est ce que la peinture luminescente LuminoKrom\u00ae?<\/h2>\n<\/div>\n<\/div><\/div><div id=\"panel-35005-1-0-1\" class=\"so-panel widget widget_sow-editor panel-last-child\" data-index=\"3\" ><div class=\"bordure_gauche_orange panel-widget-style panel-widget-style-for-35005-1-0-1\" ><div\n\t\t\t\n\t\t\tclass=\"so-widget-sow-editor so-widget-sow-editor-base\"\n\t\t\t\n\t\t>\n<div class=\"siteorigin-widget-tinymce textwidget\">\n\t<p><img loading=\"lazy\" decoding=\"async\" class=\"wp-image-35016 size-thumbnail alignleft\" src=\"https:\/\/www.olikrom.com\/wp-content\/uploads\/2024\/12\/marquages-luminescents-lumuinokrom-150x150.png\" alt=\"marquages luminescents sur route\" width=\"150\" height=\"150\" srcset=\"https:\/\/www.olikrom.com\/wp-content\/uploads\/2024\/12\/marquages-luminescents-lumuinokrom-150x150.png 150w, https:\/\/www.olikrom.com\/wp-content\/uploads\/2024\/12\/marquages-luminescents-lumuinokrom.png 300w\" sizes=\"auto, (max-width: 150px) 100vw, 150px\" \/><\/p>\n<p>LuminoKrom\u00ae est la <a href=\"https:\/\/www.luminokrom.com\/fr\/\" target=\"_blank\" rel=\"noopener\">peinture photoluminescente<\/a> innovante d\u00e9velopp\u00e9e par OliKrom, con\u00e7ue pour renforcer la <strong>s\u00e9curit\u00e9 des usagers<\/strong> dans les environnements faiblement \u00e9clair\u00e9s. Gr\u00e2ce \u00e0 sa technologie unique, notre peinture emmagasine la lumi\u00e8re naturelle ou artificielle le jour et la restitue la nuit sous forme de luminescence visible, sans n\u00e9cessiter d'\u00e9nergie externe.<\/p>\n<p>Utilis\u00e9e principalement pour le <strong>marquage au sol sur les pistes cyclables<\/strong>, routes et zones pi\u00e9tonnes, LuminoKrom\u00ae contribue \u00e0 s\u00e9curiser les mobilit\u00e9s douces tout en s'inscrivant dans une d\u00e9marche \u00e9cologique et durable. Facile \u00e0 appliquer, durable et fiable, elle repr\u00e9sente une vision avant-gardiste pour am\u00e9liorer la visibilit\u00e9 et pr\u00e9venir les accidents, notamment dans les environnements sans \u00e9clairage public.<\/p>\n<\/div>\n<\/div><\/div><\/div><\/div><\/div><div id=\"pg-35005-2\"  class=\"panel-grid panel-no-style\" ><div id=\"pgc-35005-2-0\"  class=\"panel-grid-cell\" ><div id=\"panel-35005-2-0-0\" class=\"so-panel widget widget_sow-editor panel-first-child panel-last-child\" data-index=\"4\" ><div\n\t\t\t\n\t\t\tclass=\"so-widget-sow-editor so-widget-sow-editor-base\"\n\t\t\t\n\t\t>\n<div class=\"siteorigin-widget-tinymce textwidget\">\n\t<h2><strong>Une table ronde enrichissante avec le Club des ETI : simplifier pour innover<\/strong><\/h2>\n<p><img loading=\"lazy\" decoding=\"async\" class=\"alignnone size-full wp-image-35018\" src=\"https:\/\/www.olikrom.com\/wp-content\/uploads\/2024\/12\/table-ronde-ministre.png\" alt=\"Echanges avec ministre au si\u00e8ge Olikrom\" width=\"1500\" height=\"680\" srcset=\"https:\/\/www.olikrom.com\/wp-content\/uploads\/2024\/12\/table-ronde-ministre.png 1500w, https:\/\/www.olikrom.com\/wp-content\/uploads\/2024\/12\/table-ronde-ministre-300x136.png 300w, https:\/\/www.olikrom.com\/wp-content\/uploads\/2024\/12\/table-ronde-ministre-1024x464.png 1024w\" sizes=\"auto, (max-width: 1500px) 100vw, 1500px\" \/><\/p>\n<p>Dans le cadre de cette visite, une table ronde a r\u00e9uni le ministre et des membres du Club des ETI autour d\u2019une th\u00e9matique cruciale : les <strong>d\u00e9marches administratives complexes<\/strong> auxquelles les entreprises innovantes sont confront\u00e9es. Guillaume Kasbarian a t\u00e9moign\u00e9 d\u2019une \u00e9coute attentive et d\u2019une volont\u00e9 affirm\u00e9e de simplifier ces processus, afin de favoriser un environnement propice \u00e0 l\u2019innovation et \u00e0 la croissance des entreprises comme OliKrom.<\/p>\n<p>Cette discussion a \u00e9galement mis en lumi\u00e8re le r\u00f4le des ETI en tant que piliers de l\u2019\u00e9conomie locale et internationale, ainsi que l\u2019importance d\u2019un <strong>accompagnement adapt\u00e9<\/strong> pour lib\u00e9rer leur plein potentiel.<\/p>\n<\/div>\n<\/div><\/div><\/div><\/div><div id=\"pg-35005-3\"  class=\"panel-grid panel-no-style\" ><div id=\"pgc-35005-3-0\"  class=\"panel-grid-cell\" ><div id=\"panel-35005-3-0-0\" class=\"so-panel widget widget_sow-editor panel-first-child\" data-index=\"5\" ><div\n\t\t\t\n\t\t\tclass=\"so-widget-sow-editor so-widget-sow-editor-base\"\n\t\t\t\n\t\t>\n<div class=\"siteorigin-widget-tinymce textwidget\">\n\t<h3><strong>Remerciements et perspectives d\u2019avenir<\/strong><\/h3>\n<p>OliKrom tient \u00e0 remercier chaleureusement Guillaume Kasbarian pour son soutien et sa vision inspirante, ainsi que toutes les personnalit\u00e9s pr\u00e9sentes, dont Marc Prikazsky, Pr\u00e9sident du Club ETI, et plusieurs \u00e9lus et responsables locaux. Cette journ\u00e9e marque un tournant important dans le dialogue entre acteurs publics et priv\u00e9s pour une innovation durable et accessible.<\/p>\n<p>&nbsp;<\/p>\n<h2>En savoir plus<\/h2>\n<\/div>\n<\/div><\/div>\t\t<!-- not cached-link-it-widget --><div id=\"panel-35005-3-0-1\" class=\"so-panel widget widget_netconcept_link_it\" data-index=\"6\" ><div class=\"bloc_image_texte_lien\">\n<div class=\"image\">\n<img loading=\"lazy\" decoding=\"async\" width=\"215\" height=\"150\" src=\"https:\/\/www.olikrom.com\/wp-content\/uploads\/2024\/12\/logo-jde-215x150.png\" class=\"attachment-vignette_page_208x178 size-vignette_page_208x178 wp-post-image\" alt=\"logo-jde\" title=\"[Le Journal des Entreprises] Olikrom se voit en ETI industrielle gr\u00e2ce \u00e0 sa peinture luminescente\" \/>\n<\/div>\n<div class=\"titre\">\n[Le Journal des Entreprises] Olikrom se voit en ETI industrielle gr\u00e2ce \u00e0 sa peinture luminescente\n<\/div>\n<div class=\"lien btn_bordure_orange\">\n<a href=\"https:\/\/www.olikrom.com\/fr\/presse\/le-journal-des-entreprises-olikrom-se-voit-en-eti-industrielle-grace-a-sa-peinture-luminescente\/\" title=\"lien page\">\nEn savoir plus\n<\/a>\n<\/div>\n<\/div><\/div><!-- not cached-link-it-widget -->\t\t<!-- not cached-link-it-widget --><div id=\"panel-35005-3-0-2\" class=\"so-panel widget widget_netconcept_link_it\" data-index=\"7\" ><div class=\"bloc_image_texte_lien\">\n<div class=\"image\">\n<img loading=\"lazy\" decoding=\"async\" width=\"215\" height=\"150\" src=\"https:\/\/www.olikrom.com\/wp-content\/uploads\/2024\/07\/logo-sud-ouest-e1733310328560-215x150.png\" class=\"attachment-vignette_page_208x178 size-vignette_page_208x178 wp-post-image\" alt=\"Logo sud ouest\" title=\"[Sud Ouest] Le ministre de la Fonction publique Guillaume Kasbarian de visite en Gironde\" \/>\n<\/div>\n<div class=\"titre\">\n[Sud Ouest] Le ministre de la Fonction publique Guillaume Kasbarian de visite en Gironde\n<\/div>\n<div class=\"lien btn_bordure_orange\">\n<a href=\"https:\/\/www.olikrom.com\/fr\/presse\/sud-ouest-le-ministre-de-la-fonction-publique-guillaume-kasbarian-de-visite-en-gironde\/\" title=\"lien page\">\nEn savoir plus\n<\/a>\n<\/div>\n<\/div><\/div><!-- not cached-link-it-widget -->\t\t<!-- not cached-link-it-widget --><div id=\"panel-35005-3-0-3\" class=\"so-panel widget widget_netconcept_link_it panel-last-child\" data-index=\"8\" ><div class=\"bloc_image_texte_lien\">\n<div class=\"image\">\n<img loading=\"lazy\" decoding=\"async\" width=\"215\" height=\"150\" src=\"https:\/\/www.olikrom.com\/wp-content\/uploads\/2022\/09\/lusine-nouvelle-215x150.jpg\" class=\"attachment-vignette_page_208x178 size-vignette_page_208x178 wp-post-image\" alt=\"lusine-nouvelle\" title=\"[L&#039;Usine Nouvelle] La soci\u00e9t\u00e9 OliKrom en lice pour la finale des Troph\u00e9es de l&#039;Inpi 2024\" \/>\n<\/div>\n<div class=\"titre\">\n[L'Usine Nouvelle] La soci\u00e9t\u00e9 OliKrom en lice pour la finale des Troph\u00e9es de l'Inpi 2024\n<\/div>\n<div class=\"lien btn_bordure_orange\">\n<a href=\"https:\/\/www.olikrom.com\/fr\/presse\/lusine-nouvelle-olikrom-en-lice-pour-la-finale-des-trophees-inpi-2024\/\" title=\"lien page\">\nEn savoir plus\n<\/a>\n<\/div>\n<\/div><\/div><!-- not cached-link-it-widget --><\/div><\/div><\/div>","protected":false},"excerpt":{"rendered":"<p>Quand innovation rencontre transformation publique : La semaine derni\u00e8re, notre soci\u00e9t\u00e9 OliKrom a accueilli une visite minist\u00e9rielle exceptionnelle. Guillaume Kasbarian, Ministre de la Fonction publique, est venu d\u00e9couvrir notre [&hellip;]<\/p>\n","protected":false},"author":10,"featured_media":35023,"comment_status":"closed","ping_status":"closed","sticky":false,"template":"","format":"standard","meta":{"inline_featured_image":false,"footnotes":""},"categories":[367],"tags":[],"class_list":["post-35005","post","type-post","status-publish","format-standard","has-post-thumbnail","hentry","category-actualites"],"yoast_head":"<!-- This site is optimized with the Yoast SEO plugin v27.5 - https:\/\/yoast.com\/product\/yoast-seo-wordpress\/ -->\n<title>Guillaume Kasbarian chez OliKrom : Innovation et simplification<\/title>\n<meta name=\"description\" content=\"Guillaume Kasbarian, Ministre de la Fonction publique, au si\u00e8ge d\u2019OliKrom ! Une rencontre d\u00e9di\u00e9e \u00e0 l\u2019innovation et aux d\u00e9fis administratifs.\" \/>\n<meta name=\"robots\" content=\"index, follow, max-snippet:-1, max-image-preview:large, max-video-preview:-1\" \/>\n<link rel=\"canonical\" href=\"https:\/\/www.olikrom.com\/fr\/blog\/actualites\/visite-ministerielle-marquante-au-siege-dolikrom\/\" \/>\n<meta property=\"og:locale\" content=\"fr_FR\" \/>\n<meta property=\"og:type\" content=\"article\" \/>\n<meta property=\"og:title\" content=\"Guillaume Kasbarian chez OliKrom : Innovation et simplification\" \/>\n<meta property=\"og:description\" content=\"Guillaume Kasbarian, Ministre de la Fonction publique, au si\u00e8ge d\u2019OliKrom ! Une rencontre d\u00e9di\u00e9e \u00e0 l\u2019innovation et aux d\u00e9fis administratifs.\" \/>\n<meta property=\"og:url\" content=\"https:\/\/www.olikrom.com\/fr\/blog\/actualites\/visite-ministerielle-marquante-au-siege-dolikrom\/\" \/>\n<meta property=\"og:site_name\" content=\"OliKrom\" \/>\n<meta property=\"article:published_time\" content=\"2024-12-02T11:32:35+00:00\" \/>\n<meta property=\"article:modified_time\" content=\"2024-12-09T13:02:20+00:00\" \/>\n<meta property=\"og:image\" content=\"https:\/\/www.olikrom.com\/wp-content\/uploads\/2024\/12\/preview-visite-ministre-guillaume-kasbarian.png\" \/>\n\t<meta property=\"og:image:width\" content=\"532\" \/>\n\t<meta property=\"og:image:height\" content=\"251\" \/>\n\t<meta property=\"og:image:type\" content=\"image\/png\" \/>\n<meta name=\"author\" content=\"olikrom\" \/>\n<meta name=\"twitter:card\" content=\"summary_large_image\" \/>\n<meta name=\"twitter:label1\" content=\"\u00c9crit par\" \/>\n\t<meta name=\"twitter:data1\" content=\"olikrom\" \/>\n<script type=\"application\/ld+json\" class=\"yoast-schema-graph\">{\"@context\":\"https:\\\/\\\/schema.org\",\"@graph\":[{\"@type\":\"Article\",\"@id\":\"https:\\\/\\\/www.olikrom.com\\\/fr\\\/blog\\\/actualites\\\/visite-ministerielle-marquante-au-siege-dolikrom\\\/#article\",\"isPartOf\":{\"@id\":\"https:\\\/\\\/www.olikrom.com\\\/fr\\\/blog\\\/actualites\\\/visite-ministerielle-marquante-au-siege-dolikrom\\\/\"},\"author\":{\"name\":\"olikrom\",\"@id\":\"https:\\\/\\\/www.olikrom.com\\\/fr\\\/#\\\/schema\\\/person\\\/9df28334ff037f296d71c6cf145904ca\"},\"headline\":\"Une visite minist\u00e9rielle marquante au si\u00e8ge d\u2019OliKrom\",\"datePublished\":\"2024-12-02T11:32:35+00:00\",\"dateModified\":\"2024-12-09T13:02:20+00:00\",\"mainEntityOfPage\":{\"@id\":\"https:\\\/\\\/www.olikrom.com\\\/fr\\\/blog\\\/actualites\\\/visite-ministerielle-marquante-au-siege-dolikrom\\\/\"},\"wordCount\":557,\"publisher\":{\"@id\":\"https:\\\/\\\/www.olikrom.com\\\/fr\\\/#organization\"},\"image\":{\"@id\":\"https:\\\/\\\/www.olikrom.com\\\/fr\\\/blog\\\/actualites\\\/visite-ministerielle-marquante-au-siege-dolikrom\\\/#primaryimage\"},\"thumbnailUrl\":\"https:\\\/\\\/www.olikrom.com\\\/wp-content\\\/uploads\\\/2024\\\/12\\\/preview-visite-ministre-guillaume-kasbarian.png\",\"articleSection\":[\"Actualit\u00e9s\"],\"inLanguage\":\"fr-FR\"},{\"@type\":\"WebPage\",\"@id\":\"https:\\\/\\\/www.olikrom.com\\\/fr\\\/blog\\\/actualites\\\/visite-ministerielle-marquante-au-siege-dolikrom\\\/\",\"url\":\"https:\\\/\\\/www.olikrom.com\\\/fr\\\/blog\\\/actualites\\\/visite-ministerielle-marquante-au-siege-dolikrom\\\/\",\"name\":\"Guillaume Kasbarian chez OliKrom : Innovation et simplification\",\"isPartOf\":{\"@id\":\"https:\\\/\\\/www.olikrom.com\\\/fr\\\/#website\"},\"primaryImageOfPage\":{\"@id\":\"https:\\\/\\\/www.olikrom.com\\\/fr\\\/blog\\\/actualites\\\/visite-ministerielle-marquante-au-siege-dolikrom\\\/#primaryimage\"},\"image\":{\"@id\":\"https:\\\/\\\/www.olikrom.com\\\/fr\\\/blog\\\/actualites\\\/visite-ministerielle-marquante-au-siege-dolikrom\\\/#primaryimage\"},\"thumbnailUrl\":\"https:\\\/\\\/www.olikrom.com\\\/wp-content\\\/uploads\\\/2024\\\/12\\\/preview-visite-ministre-guillaume-kasbarian.png\",\"datePublished\":\"2024-12-02T11:32:35+00:00\",\"dateModified\":\"2024-12-09T13:02:20+00:00\",\"description\":\"Guillaume Kasbarian, Ministre de la Fonction publique, au si\u00e8ge d\u2019OliKrom ! Une rencontre d\u00e9di\u00e9e \u00e0 l\u2019innovation et aux d\u00e9fis administratifs.\",\"breadcrumb\":{\"@id\":\"https:\\\/\\\/www.olikrom.com\\\/fr\\\/blog\\\/actualites\\\/visite-ministerielle-marquante-au-siege-dolikrom\\\/#breadcrumb\"},\"inLanguage\":\"fr-FR\",\"potentialAction\":[{\"@type\":\"ReadAction\",\"target\":[\"https:\\\/\\\/www.olikrom.com\\\/fr\\\/blog\\\/actualites\\\/visite-ministerielle-marquante-au-siege-dolikrom\\\/\"]}]},{\"@type\":\"ImageObject\",\"inLanguage\":\"fr-FR\",\"@id\":\"https:\\\/\\\/www.olikrom.com\\\/fr\\\/blog\\\/actualites\\\/visite-ministerielle-marquante-au-siege-dolikrom\\\/#primaryimage\",\"url\":\"https:\\\/\\\/www.olikrom.com\\\/wp-content\\\/uploads\\\/2024\\\/12\\\/preview-visite-ministre-guillaume-kasbarian.png\",\"contentUrl\":\"https:\\\/\\\/www.olikrom.com\\\/wp-content\\\/uploads\\\/2024\\\/12\\\/preview-visite-ministre-guillaume-kasbarian.png\",\"width\":532,\"height\":251,\"caption\":\"Visite du ministre au si\u00e8ge Olikrom\"},{\"@type\":\"BreadcrumbList\",\"@id\":\"https:\\\/\\\/www.olikrom.com\\\/fr\\\/blog\\\/actualites\\\/visite-ministerielle-marquante-au-siege-dolikrom\\\/#breadcrumb\",\"itemListElement\":[{\"@type\":\"ListItem\",\"position\":1,\"name\":\"Home\",\"item\":\"https:\\\/\\\/www.olikrom.com\\\/fr\\\/\"},{\"@type\":\"ListItem\",\"position\":2,\"name\":\"Une visite minist\u00e9rielle marquante au si\u00e8ge d\u2019OliKrom\"}]},{\"@type\":\"WebSite\",\"@id\":\"https:\\\/\\\/www.olikrom.com\\\/fr\\\/#website\",\"url\":\"https:\\\/\\\/www.olikrom.com\\\/fr\\\/\",\"name\":\"OliKrom\",\"description\":\"\",\"publisher\":{\"@id\":\"https:\\\/\\\/www.olikrom.com\\\/fr\\\/#organization\"},\"potentialAction\":[{\"@type\":\"SearchAction\",\"target\":{\"@type\":\"EntryPoint\",\"urlTemplate\":\"https:\\\/\\\/www.olikrom.com\\\/fr\\\/?s={search_term_string}\"},\"query-input\":{\"@type\":\"PropertyValueSpecification\",\"valueRequired\":true,\"valueName\":\"search_term_string\"}}],\"inLanguage\":\"fr-FR\"},{\"@type\":\"Organization\",\"@id\":\"https:\\\/\\\/www.olikrom.com\\\/fr\\\/#organization\",\"name\":\"Olikrom\",\"url\":\"https:\\\/\\\/www.olikrom.com\\\/fr\\\/\",\"logo\":{\"@type\":\"ImageObject\",\"inLanguage\":\"fr-FR\",\"@id\":\"https:\\\/\\\/www.olikrom.com\\\/fr\\\/#\\\/schema\\\/logo\\\/image\\\/\",\"url\":\"https:\\\/\\\/www.olikrom.com\\\/wp-content\\\/uploads\\\/2022\\\/01\\\/olikrom-logo-couleurs-2021-ok.png\",\"contentUrl\":\"https:\\\/\\\/www.olikrom.com\\\/wp-content\\\/uploads\\\/2022\\\/01\\\/olikrom-logo-couleurs-2021-ok.png\",\"width\":285,\"height\":84,\"caption\":\"Olikrom\"},\"image\":{\"@id\":\"https:\\\/\\\/www.olikrom.com\\\/fr\\\/#\\\/schema\\\/logo\\\/image\\\/\"}},{\"@type\":\"Person\",\"@id\":\"https:\\\/\\\/www.olikrom.com\\\/fr\\\/#\\\/schema\\\/person\\\/9df28334ff037f296d71c6cf145904ca\",\"name\":\"olikrom\",\"image\":{\"@type\":\"ImageObject\",\"inLanguage\":\"fr-FR\",\"@id\":\"https:\\\/\\\/secure.gravatar.com\\\/avatar\\\/610dbff3ea490fd0b981b1b2f5a26a440c8e40f8f474fc7fb84a8ac9573692f1?s=96&d=mm&r=g\",\"url\":\"https:\\\/\\\/secure.gravatar.com\\\/avatar\\\/610dbff3ea490fd0b981b1b2f5a26a440c8e40f8f474fc7fb84a8ac9573692f1?s=96&d=mm&r=g\",\"contentUrl\":\"https:\\\/\\\/secure.gravatar.com\\\/avatar\\\/610dbff3ea490fd0b981b1b2f5a26a440c8e40f8f474fc7fb84a8ac9573692f1?s=96&d=mm&r=g\",\"caption\":\"olikrom\"}}]}<\/script>\n<!-- \/ Yoast SEO plugin. -->","yoast_head_json":{"title":"Guillaume Kasbarian chez OliKrom : Innovation et simplification","description":"Guillaume Kasbarian, Ministre de la Fonction publique, au si\u00e8ge d\u2019OliKrom ! Une rencontre d\u00e9di\u00e9e \u00e0 l\u2019innovation et aux d\u00e9fis administratifs.","robots":{"index":"index","follow":"follow","max-snippet":"max-snippet:-1","max-image-preview":"max-image-preview:large","max-video-preview":"max-video-preview:-1"},"canonical":"https:\/\/www.olikrom.com\/fr\/blog\/actualites\/visite-ministerielle-marquante-au-siege-dolikrom\/","og_locale":"fr_FR","og_type":"article","og_title":"Guillaume Kasbarian chez OliKrom : Innovation et simplification","og_description":"Guillaume Kasbarian, Ministre de la Fonction publique, au si\u00e8ge d\u2019OliKrom ! Une rencontre d\u00e9di\u00e9e \u00e0 l\u2019innovation et aux d\u00e9fis administratifs.","og_url":"https:\/\/www.olikrom.com\/fr\/blog\/actualites\/visite-ministerielle-marquante-au-siege-dolikrom\/","og_site_name":"OliKrom","article_published_time":"2024-12-02T11:32:35+00:00","article_modified_time":"2024-12-09T13:02:20+00:00","og_image":[{"width":532,"height":251,"url":"https:\/\/www.olikrom.com\/wp-content\/uploads\/2024\/12\/preview-visite-ministre-guillaume-kasbarian.png","type":"image\/png"}],"author":"olikrom","twitter_card":"summary_large_image","twitter_misc":{"\u00c9crit par":"olikrom"},"schema":{"@context":"https:\/\/schema.org","@graph":[{"@type":"Article","@id":"https:\/\/www.olikrom.com\/fr\/blog\/actualites\/visite-ministerielle-marquante-au-siege-dolikrom\/#article","isPartOf":{"@id":"https:\/\/www.olikrom.com\/fr\/blog\/actualites\/visite-ministerielle-marquante-au-siege-dolikrom\/"},"author":{"name":"olikrom","@id":"https:\/\/www.olikrom.com\/fr\/#\/schema\/person\/9df28334ff037f296d71c6cf145904ca"},"headline":"Une visite minist\u00e9rielle marquante au si\u00e8ge d\u2019OliKrom","datePublished":"2024-12-02T11:32:35+00:00","dateModified":"2024-12-09T13:02:20+00:00","mainEntityOfPage":{"@id":"https:\/\/www.olikrom.com\/fr\/blog\/actualites\/visite-ministerielle-marquante-au-siege-dolikrom\/"},"wordCount":557,"publisher":{"@id":"https:\/\/www.olikrom.com\/fr\/#organization"},"image":{"@id":"https:\/\/www.olikrom.com\/fr\/blog\/actualites\/visite-ministerielle-marquante-au-siege-dolikrom\/#primaryimage"},"thumbnailUrl":"https:\/\/www.olikrom.com\/wp-content\/uploads\/2024\/12\/preview-visite-ministre-guillaume-kasbarian.png","articleSection":["Actualit\u00e9s"],"inLanguage":"fr-FR"},{"@type":"WebPage","@id":"https:\/\/www.olikrom.com\/fr\/blog\/actualites\/visite-ministerielle-marquante-au-siege-dolikrom\/","url":"https:\/\/www.olikrom.com\/fr\/blog\/actualites\/visite-ministerielle-marquante-au-siege-dolikrom\/","name":"Guillaume Kasbarian chez OliKrom : Innovation et simplification","isPartOf":{"@id":"https:\/\/www.olikrom.com\/fr\/#website"},"primaryImageOfPage":{"@id":"https:\/\/www.olikrom.com\/fr\/blog\/actualites\/visite-ministerielle-marquante-au-siege-dolikrom\/#primaryimage"},"image":{"@id":"https:\/\/www.olikrom.com\/fr\/blog\/actualites\/visite-ministerielle-marquante-au-siege-dolikrom\/#primaryimage"},"thumbnailUrl":"https:\/\/www.olikrom.com\/wp-content\/uploads\/2024\/12\/preview-visite-ministre-guillaume-kasbarian.png","datePublished":"2024-12-02T11:32:35+00:00","dateModified":"2024-12-09T13:02:20+00:00","description":"Guillaume Kasbarian, Ministre de la Fonction publique, au si\u00e8ge d\u2019OliKrom ! Une rencontre d\u00e9di\u00e9e \u00e0 l\u2019innovation et aux d\u00e9fis administratifs.","breadcrumb":{"@id":"https:\/\/www.olikrom.com\/fr\/blog\/actualites\/visite-ministerielle-marquante-au-siege-dolikrom\/#breadcrumb"},"inLanguage":"fr-FR","potentialAction":[{"@type":"ReadAction","target":["https:\/\/www.olikrom.com\/fr\/blog\/actualites\/visite-ministerielle-marquante-au-siege-dolikrom\/"]}]},{"@type":"ImageObject","inLanguage":"fr-FR","@id":"https:\/\/www.olikrom.com\/fr\/blog\/actualites\/visite-ministerielle-marquante-au-siege-dolikrom\/#primaryimage","url":"https:\/\/www.olikrom.com\/wp-content\/uploads\/2024\/12\/preview-visite-ministre-guillaume-kasbarian.png","contentUrl":"https:\/\/www.olikrom.com\/wp-content\/uploads\/2024\/12\/preview-visite-ministre-guillaume-kasbarian.png","width":532,"height":251,"caption":"Visite du ministre au si\u00e8ge Olikrom"},{"@type":"BreadcrumbList","@id":"https:\/\/www.olikrom.com\/fr\/blog\/actualites\/visite-ministerielle-marquante-au-siege-dolikrom\/#breadcrumb","itemListElement":[{"@type":"ListItem","position":1,"name":"Home","item":"https:\/\/www.olikrom.com\/fr\/"},{"@type":"ListItem","position":2,"name":"Une visite minist\u00e9rielle marquante au si\u00e8ge d\u2019OliKrom"}]},{"@type":"WebSite","@id":"https:\/\/www.olikrom.com\/fr\/#website","url":"https:\/\/www.olikrom.com\/fr\/","name":"OliKrom","description":"","publisher":{"@id":"https:\/\/www.olikrom.com\/fr\/#organization"},"potentialAction":[{"@type":"SearchAction","target":{"@type":"EntryPoint","urlTemplate":"https:\/\/www.olikrom.com\/fr\/?s={search_term_string}"},"query-input":{"@type":"PropertyValueSpecification","valueRequired":true,"valueName":"search_term_string"}}],"inLanguage":"fr-FR"},{"@type":"Organization","@id":"https:\/\/www.olikrom.com\/fr\/#organization","name":"Olikrom","url":"https:\/\/www.olikrom.com\/fr\/","logo":{"@type":"ImageObject","inLanguage":"fr-FR","@id":"https:\/\/www.olikrom.com\/fr\/#\/schema\/logo\/image\/","url":"https:\/\/www.olikrom.com\/wp-content\/uploads\/2022\/01\/olikrom-logo-couleurs-2021-ok.png","contentUrl":"https:\/\/www.olikrom.com\/wp-content\/uploads\/2022\/01\/olikrom-logo-couleurs-2021-ok.png","width":285,"height":84,"caption":"Olikrom"},"image":{"@id":"https:\/\/www.olikrom.com\/fr\/#\/schema\/logo\/image\/"}},{"@type":"Person","@id":"https:\/\/www.olikrom.com\/fr\/#\/schema\/person\/9df28334ff037f296d71c6cf145904ca","name":"olikrom","image":{"@type":"ImageObject","inLanguage":"fr-FR","@id":"https:\/\/secure.gravatar.com\/avatar\/610dbff3ea490fd0b981b1b2f5a26a440c8e40f8f474fc7fb84a8ac9573692f1?s=96&d=mm&r=g","url":"https:\/\/secure.gravatar.com\/avatar\/610dbff3ea490fd0b981b1b2f5a26a440c8e40f8f474fc7fb84a8ac9573692f1?s=96&d=mm&r=g","contentUrl":"https:\/\/secure.gravatar.com\/avatar\/610dbff3ea490fd0b981b1b2f5a26a440c8e40f8f474fc7fb84a8ac9573692f1?s=96&d=mm&r=g","caption":"olikrom"}}]}},"_links":{"self":[{"href":"https:\/\/www.olikrom.com\/fr\/wp-json\/wp\/v2\/posts\/35005","targetHints":{"allow":["GET"]}}],"collection":[{"href":"https:\/\/www.olikrom.com\/fr\/wp-json\/wp\/v2\/posts"}],"about":[{"href":"https:\/\/www.olikrom.com\/fr\/wp-json\/wp\/v2\/types\/post"}],"author":[{"embeddable":true,"href":"https:\/\/www.olikrom.com\/fr\/wp-json\/wp\/v2\/users\/10"}],"replies":[{"embeddable":true,"href":"https:\/\/www.olikrom.com\/fr\/wp-json\/wp\/v2\/comments?post=35005"}],"version-history":[{"count":5,"href":"https:\/\/www.olikrom.com\/fr\/wp-json\/wp\/v2\/posts\/35005\/revisions"}],"predecessor-version":[{"id":35022,"href":"https:\/\/www.olikrom.com\/fr\/wp-json\/wp\/v2\/posts\/35005\/revisions\/35022"}],"wp:featuredmedia":[{"embeddable":true,"href":"https:\/\/www.olikrom.com\/fr\/wp-json\/wp\/v2\/media\/35023"}],"wp:attachment":[{"href":"https:\/\/www.olikrom.com\/fr\/wp-json\/wp\/v2\/media?parent=35005"}],"wp:term":[{"taxonomy":"category","embeddable":true,"href":"https:\/\/www.olikrom.com\/fr\/wp-json\/wp\/v2\/categories?post=35005"},{"taxonomy":"post_tag","embeddable":true,"href":"https:\/\/www.olikrom.com\/fr\/wp-json\/wp\/v2\/tags?post=35005"}],"curies":[{"name":"wp","href":"https:\/\/api.w.org\/{rel}","templated":true}]}}