{"id":34982,"date":"2024-11-25T12:31:34","date_gmt":"2024-11-25T10:31:34","guid":{"rendered":"https:\/\/www.olikrom.com\/?p=34982"},"modified":"2024-12-04T13:03:04","modified_gmt":"2024-12-04T11:03:04","slug":"sud-ouest-le-ministre-de-la-fonction-publique-guillaume-kasbarian-de-visite-en-gironde","status":"publish","type":"post","link":"https:\/\/www.olikrom.com\/fr\/presse\/sud-ouest-le-ministre-de-la-fonction-publique-guillaume-kasbarian-de-visite-en-gironde\/","title":{"rendered":"[Sud Ouest] Le ministre de la Fonction publique Guillaume Kasbarian de visite en Gironde"},"content":{"rendered":"<div id=\"pl-30069\" class=\"panel-layout\">\n<div id=\"pg-30069-0\" class=\"panel-grid panel-no-style\">\n<div id=\"pgc-30069-0-0\" class=\"panel-grid-cell\" data-weight=\"1\">\n<div id=\"panel-30069-0-0-0\" class=\"so-panel widget widget_sow-editor panel-first-child panel-last-child\" data-index=\"0\" data-style=\"{&quot;background_image_attachment&quot;:false,&quot;background_display&quot;:&quot;tile&quot;}\">\n<div class=\"so-widget-sow-editor so-widget-sow-editor-base\">\n<div class=\"siteorigin-widget-tinymce textwidget\">\n<div class=\"flex flex-grow flex-col max-w-full\">\n<div class=\"min-h-[20px] text-message flex flex-col items-start whitespace-pre-wrap break-words [.text-message+&amp;]:mt-5 juice:w-full juice:items-end overflow-x-auto gap-2\" dir=\"auto\" data-message-author-role=\"assistant\" data-message-id=\"c8d26bd3-75b9-46a8-a341-cb71057cf096\">\n<div class=\"flex w-full flex-col gap-1 juice:empty:hidden juice:first:pt-[3px]\">\n<div class=\"markdown prose w-full break-words dark:prose-invert dark\">\n<h2>Le ministre Guillaume Kasbarian en visite chez OliKrom en Gironde<\/h2>\n<p>La visite de Guillaume Kasbarian, ministre de la Fonction publique, en Gironde met en lumi\u00e8re son passage au si\u00e8ge d\u2019OliKrom, fleuron local de l\u2019innovation. Cette rencontre a permis au ministre de d\u00e9couvrir les technologies d\u00e9velopp\u00e9es par notre entreprise, notamment la peinture photoluminescente LuminoKrom\u00ae, qui am\u00e9liore la s\u00e9curit\u00e9 routi\u00e8re et s\u2019inscrit dans une d\u00e9marche \u00e9cologique et durable.<\/p>\n<p>Le ministre a salu\u00e9 l\u2019expertise d\u2019OliKrom, dont les solutions innovantes incarnent le potentiel des entreprises fran\u00e7aises \u00e0 contribuer \u00e0 la transition \u00e9nerg\u00e9tique tout en r\u00e9pondant aux enjeux s\u00e9curitaires. Cette visite symbolise \u00e9galement l\u2019importance du soutien de l\u2019\u00c9tat \u00e0 des structures locales capables de transformer des innovations en solutions concr\u00e8tes pour le bien commun.<\/p>\n<p>&nbsp;<\/p>\n<\/div>\n<p><img loading=\"lazy\" decoding=\"async\" class=\"alignnone size-full wp-image-34983\" src=\"https:\/\/www.olikrom.com\/wp-content\/uploads\/2024\/12\/visite-ministre-2024.jpeg\" alt=\"visite-ministre-2024\" width=\"1921\" height=\"1080\" srcset=\"https:\/\/www.olikrom.com\/wp-content\/uploads\/2024\/12\/visite-ministre-2024.jpeg 1921w, https:\/\/www.olikrom.com\/wp-content\/uploads\/2024\/12\/visite-ministre-2024-300x169.jpeg 300w, https:\/\/www.olikrom.com\/wp-content\/uploads\/2024\/12\/visite-ministre-2024-1024x576.jpeg 1024w, https:\/\/www.olikrom.com\/wp-content\/uploads\/2024\/12\/visite-ministre-2024-1536x864.jpeg 1536w\" sizes=\"auto, (max-width: 1921px) 100vw, 1921px\" \/><\/p>\n<div class=\"markdown prose w-full break-words dark:prose-invert dark\">\n<p>&nbsp;<\/p>\n<h2>En Gironde, une visite minist\u00e9rielle ax\u00e9e sur la simplification administrative<\/h2>\n<p>Dans un article de <em>Sud Ouest<\/em>, le ministre de la Fonction publique, Guillaume Kasbarian, s\u2019est rendu en Gironde pour promouvoir la simplification administrative et la chasse aux \u00ab comit\u00e9s Th\u00e9odule \u00bb, ces structures jug\u00e9es inutiles ou redondantes. Lors de cette visite, il a pr\u00e9sent\u00e9 des mesures visant \u00e0 d\u00e9bureaucratiser les services publics et \u00e0 renforcer leur efficacit\u00e9, en mettant l\u2019accent sur des actions concr\u00e8tes pour moderniser la gestion publique.<\/p>\n<p>Le ministre a \u00e9galement \u00e9chang\u00e9 avec des acteurs locaux pour comprendre les freins administratifs rencontr\u00e9s dans les territoires. Cette d\u00e9marche s\u2019inscrit dans une volont\u00e9 plus large de rendre les institutions publiques plus accessibles, r\u00e9actives et adapt\u00e9es aux attentes des citoyens. \u00c0 travers ce d\u00e9placement, Guillaume Kasbarian a rappel\u00e9 l\u2019importance de maintenir un dialogue constant entre l\u2019\u00c9tat et les collectivit\u00e9s.<\/p>\n<\/div>\n<\/div>\n<\/div>\n<\/div>\n<\/div>\n<\/div>\n<\/div>\n<\/div>\n<\/div>\n<\/div>\n","protected":false},"excerpt":{"rendered":"<p>Le ministre Guillaume Kasbarian en visite chez OliKrom en Gironde La visite de Guillaume Kasbarian, ministre de la Fonction publique, en Gironde met en lumi\u00e8re son passage au si\u00e8ge [&hellip;]<\/p>\n","protected":false},"author":10,"featured_media":34947,"comment_status":"closed","ping_status":"closed","sticky":false,"template":"","format":"standard","meta":{"inline_featured_image":false,"footnotes":""},"categories":[378],"tags":[],"class_list":["post-34982","post","type-post","status-publish","format-standard","has-post-thumbnail","hentry","category-presse"],"yoast_head":"<!-- This site is optimized with the Yoast SEO plugin v27.5 - https:\/\/yoast.com\/product\/yoast-seo-wordpress\/ -->\n<title>Guillaume Kasbarian visite OliKrom en Gironde<\/title>\n<meta name=\"description\" content=\"Le ministre Guillaume Kasbarian s\u2019est rendu en Gironde pour promouvoir la simplification administrative et d\u00e9bureaucratiser la fonction publique.\" \/>\n<meta name=\"robots\" content=\"index, follow, max-snippet:-1, max-image-preview:large, max-video-preview:-1\" \/>\n<link rel=\"canonical\" href=\"https:\/\/www.olikrom.com\/fr\/presse\/sud-ouest-le-ministre-de-la-fonction-publique-guillaume-kasbarian-de-visite-en-gironde\/\" \/>\n<meta property=\"og:locale\" content=\"fr_FR\" \/>\n<meta property=\"og:type\" content=\"article\" \/>\n<meta property=\"og:title\" content=\"Guillaume Kasbarian visite OliKrom en Gironde\" \/>\n<meta property=\"og:description\" content=\"Le ministre Guillaume Kasbarian s\u2019est rendu en Gironde pour promouvoir la simplification administrative et d\u00e9bureaucratiser la fonction publique.\" \/>\n<meta property=\"og:url\" content=\"https:\/\/www.olikrom.com\/fr\/presse\/sud-ouest-le-ministre-de-la-fonction-publique-guillaume-kasbarian-de-visite-en-gironde\/\" \/>\n<meta property=\"og:site_name\" content=\"OliKrom\" \/>\n<meta property=\"article:published_time\" content=\"2024-11-25T10:31:34+00:00\" \/>\n<meta property=\"article:modified_time\" content=\"2024-12-04T11:03:04+00:00\" \/>\n<meta property=\"og:image\" content=\"https:\/\/www.olikrom.com\/wp-content\/uploads\/2024\/07\/logo-sud-ouest.png\" \/>\n\t<meta property=\"og:image:width\" content=\"600\" \/>\n\t<meta property=\"og:image:height\" content=\"400\" \/>\n\t<meta property=\"og:image:type\" content=\"image\/png\" \/>\n<meta name=\"author\" content=\"olikrom\" \/>\n<meta name=\"twitter:card\" content=\"summary_large_image\" \/>\n<meta name=\"twitter:label1\" content=\"\u00c9crit par\" \/>\n\t<meta name=\"twitter:data1\" content=\"olikrom\" \/>\n\t<meta name=\"twitter:label2\" content=\"Dur\u00e9e de lecture estim\u00e9e\" \/>\n\t<meta name=\"twitter:data2\" content=\"1 minute\" \/>\n<script type=\"application\/ld+json\" class=\"yoast-schema-graph\">{\"@context\":\"https:\\\/\\\/schema.org\",\"@graph\":[{\"@type\":\"Article\",\"@id\":\"https:\\\/\\\/www.olikrom.com\\\/fr\\\/presse\\\/sud-ouest-le-ministre-de-la-fonction-publique-guillaume-kasbarian-de-visite-en-gironde\\\/#article\",\"isPartOf\":{\"@id\":\"https:\\\/\\\/www.olikrom.com\\\/fr\\\/presse\\\/sud-ouest-le-ministre-de-la-fonction-publique-guillaume-kasbarian-de-visite-en-gironde\\\/\"},\"author\":{\"name\":\"olikrom\",\"@id\":\"https:\\\/\\\/www.olikrom.com\\\/fr\\\/#\\\/schema\\\/person\\\/9df28334ff037f296d71c6cf145904ca\"},\"headline\":\"[Sud Ouest] Le ministre de la Fonction publique Guillaume Kasbarian de visite en Gironde\",\"datePublished\":\"2024-11-25T10:31:34+00:00\",\"dateModified\":\"2024-12-04T11:03:04+00:00\",\"mainEntityOfPage\":{\"@id\":\"https:\\\/\\\/www.olikrom.com\\\/fr\\\/presse\\\/sud-ouest-le-ministre-de-la-fonction-publique-guillaume-kasbarian-de-visite-en-gironde\\\/\"},\"wordCount\":305,\"publisher\":{\"@id\":\"https:\\\/\\\/www.olikrom.com\\\/fr\\\/#organization\"},\"image\":{\"@id\":\"https:\\\/\\\/www.olikrom.com\\\/fr\\\/presse\\\/sud-ouest-le-ministre-de-la-fonction-publique-guillaume-kasbarian-de-visite-en-gironde\\\/#primaryimage\"},\"thumbnailUrl\":\"https:\\\/\\\/www.olikrom.com\\\/wp-content\\\/uploads\\\/2024\\\/07\\\/logo-sud-ouest-e1733310328560.png\",\"articleSection\":[\"Presse\"],\"inLanguage\":\"fr-FR\"},{\"@type\":\"WebPage\",\"@id\":\"https:\\\/\\\/www.olikrom.com\\\/fr\\\/presse\\\/sud-ouest-le-ministre-de-la-fonction-publique-guillaume-kasbarian-de-visite-en-gironde\\\/\",\"url\":\"https:\\\/\\\/www.olikrom.com\\\/fr\\\/presse\\\/sud-ouest-le-ministre-de-la-fonction-publique-guillaume-kasbarian-de-visite-en-gironde\\\/\",\"name\":\"Guillaume Kasbarian visite OliKrom en Gironde\",\"isPartOf\":{\"@id\":\"https:\\\/\\\/www.olikrom.com\\\/fr\\\/#website\"},\"primaryImageOfPage\":{\"@id\":\"https:\\\/\\\/www.olikrom.com\\\/fr\\\/presse\\\/sud-ouest-le-ministre-de-la-fonction-publique-guillaume-kasbarian-de-visite-en-gironde\\\/#primaryimage\"},\"image\":{\"@id\":\"https:\\\/\\\/www.olikrom.com\\\/fr\\\/presse\\\/sud-ouest-le-ministre-de-la-fonction-publique-guillaume-kasbarian-de-visite-en-gironde\\\/#primaryimage\"},\"thumbnailUrl\":\"https:\\\/\\\/www.olikrom.com\\\/wp-content\\\/uploads\\\/2024\\\/07\\\/logo-sud-ouest-e1733310328560.png\",\"datePublished\":\"2024-11-25T10:31:34+00:00\",\"dateModified\":\"2024-12-04T11:03:04+00:00\",\"description\":\"Le ministre Guillaume Kasbarian s\u2019est rendu en Gironde pour promouvoir la simplification administrative et d\u00e9bureaucratiser la fonction publique.\",\"breadcrumb\":{\"@id\":\"https:\\\/\\\/www.olikrom.com\\\/fr\\\/presse\\\/sud-ouest-le-ministre-de-la-fonction-publique-guillaume-kasbarian-de-visite-en-gironde\\\/#breadcrumb\"},\"inLanguage\":\"fr-FR\",\"potentialAction\":[{\"@type\":\"ReadAction\",\"target\":[\"https:\\\/\\\/www.olikrom.com\\\/fr\\\/presse\\\/sud-ouest-le-ministre-de-la-fonction-publique-guillaume-kasbarian-de-visite-en-gironde\\\/\"]}]},{\"@type\":\"ImageObject\",\"inLanguage\":\"fr-FR\",\"@id\":\"https:\\\/\\\/www.olikrom.com\\\/fr\\\/presse\\\/sud-ouest-le-ministre-de-la-fonction-publique-guillaume-kasbarian-de-visite-en-gironde\\\/#primaryimage\",\"url\":\"https:\\\/\\\/www.olikrom.com\\\/wp-content\\\/uploads\\\/2024\\\/07\\\/logo-sud-ouest-e1733310328560.png\",\"contentUrl\":\"https:\\\/\\\/www.olikrom.com\\\/wp-content\\\/uploads\\\/2024\\\/07\\\/logo-sud-ouest-e1733310328560.png\",\"width\":600,\"height\":284,\"caption\":\"Logo sud ouest\"},{\"@type\":\"BreadcrumbList\",\"@id\":\"https:\\\/\\\/www.olikrom.com\\\/fr\\\/presse\\\/sud-ouest-le-ministre-de-la-fonction-publique-guillaume-kasbarian-de-visite-en-gironde\\\/#breadcrumb\",\"itemListElement\":[{\"@type\":\"ListItem\",\"position\":1,\"name\":\"Home\",\"item\":\"https:\\\/\\\/www.olikrom.com\\\/fr\\\/\"},{\"@type\":\"ListItem\",\"position\":2,\"name\":\"[Sud Ouest] Le ministre de la Fonction publique Guillaume Kasbarian de visite en Gironde\"}]},{\"@type\":\"WebSite\",\"@id\":\"https:\\\/\\\/www.olikrom.com\\\/fr\\\/#website\",\"url\":\"https:\\\/\\\/www.olikrom.com\\\/fr\\\/\",\"name\":\"OliKrom\",\"description\":\"\",\"publisher\":{\"@id\":\"https:\\\/\\\/www.olikrom.com\\\/fr\\\/#organization\"},\"potentialAction\":[{\"@type\":\"SearchAction\",\"target\":{\"@type\":\"EntryPoint\",\"urlTemplate\":\"https:\\\/\\\/www.olikrom.com\\\/fr\\\/?s={search_term_string}\"},\"query-input\":{\"@type\":\"PropertyValueSpecification\",\"valueRequired\":true,\"valueName\":\"search_term_string\"}}],\"inLanguage\":\"fr-FR\"},{\"@type\":\"Organization\",\"@id\":\"https:\\\/\\\/www.olikrom.com\\\/fr\\\/#organization\",\"name\":\"Olikrom\",\"url\":\"https:\\\/\\\/www.olikrom.com\\\/fr\\\/\",\"logo\":{\"@type\":\"ImageObject\",\"inLanguage\":\"fr-FR\",\"@id\":\"https:\\\/\\\/www.olikrom.com\\\/fr\\\/#\\\/schema\\\/logo\\\/image\\\/\",\"url\":\"https:\\\/\\\/www.olikrom.com\\\/wp-content\\\/uploads\\\/2022\\\/01\\\/olikrom-logo-couleurs-2021-ok.png\",\"contentUrl\":\"https:\\\/\\\/www.olikrom.com\\\/wp-content\\\/uploads\\\/2022\\\/01\\\/olikrom-logo-couleurs-2021-ok.png\",\"width\":285,\"height\":84,\"caption\":\"Olikrom\"},\"image\":{\"@id\":\"https:\\\/\\\/www.olikrom.com\\\/fr\\\/#\\\/schema\\\/logo\\\/image\\\/\"}},{\"@type\":\"Person\",\"@id\":\"https:\\\/\\\/www.olikrom.com\\\/fr\\\/#\\\/schema\\\/person\\\/9df28334ff037f296d71c6cf145904ca\",\"name\":\"olikrom\",\"image\":{\"@type\":\"ImageObject\",\"inLanguage\":\"fr-FR\",\"@id\":\"https:\\\/\\\/secure.gravatar.com\\\/avatar\\\/610dbff3ea490fd0b981b1b2f5a26a440c8e40f8f474fc7fb84a8ac9573692f1?s=96&d=mm&r=g\",\"url\":\"https:\\\/\\\/secure.gravatar.com\\\/avatar\\\/610dbff3ea490fd0b981b1b2f5a26a440c8e40f8f474fc7fb84a8ac9573692f1?s=96&d=mm&r=g\",\"contentUrl\":\"https:\\\/\\\/secure.gravatar.com\\\/avatar\\\/610dbff3ea490fd0b981b1b2f5a26a440c8e40f8f474fc7fb84a8ac9573692f1?s=96&d=mm&r=g\",\"caption\":\"olikrom\"}}]}<\/script>\n<!-- \/ Yoast SEO plugin. -->","yoast_head_json":{"title":"Guillaume Kasbarian visite OliKrom en Gironde","description":"Le ministre Guillaume Kasbarian s\u2019est rendu en Gironde pour promouvoir la simplification administrative et d\u00e9bureaucratiser la fonction publique.","robots":{"index":"index","follow":"follow","max-snippet":"max-snippet:-1","max-image-preview":"max-image-preview:large","max-video-preview":"max-video-preview:-1"},"canonical":"https:\/\/www.olikrom.com\/fr\/presse\/sud-ouest-le-ministre-de-la-fonction-publique-guillaume-kasbarian-de-visite-en-gironde\/","og_locale":"fr_FR","og_type":"article","og_title":"Guillaume Kasbarian visite OliKrom en Gironde","og_description":"Le ministre Guillaume Kasbarian s\u2019est rendu en Gironde pour promouvoir la simplification administrative et d\u00e9bureaucratiser la fonction publique.","og_url":"https:\/\/www.olikrom.com\/fr\/presse\/sud-ouest-le-ministre-de-la-fonction-publique-guillaume-kasbarian-de-visite-en-gironde\/","og_site_name":"OliKrom","article_published_time":"2024-11-25T10:31:34+00:00","article_modified_time":"2024-12-04T11:03:04+00:00","og_image":[{"width":600,"height":400,"url":"https:\/\/www.olikrom.com\/wp-content\/uploads\/2024\/07\/logo-sud-ouest.png","type":"image\/png"}],"author":"olikrom","twitter_card":"summary_large_image","twitter_misc":{"\u00c9crit par":"olikrom","Dur\u00e9e de lecture estim\u00e9e":"1 minute"},"schema":{"@context":"https:\/\/schema.org","@graph":[{"@type":"Article","@id":"https:\/\/www.olikrom.com\/fr\/presse\/sud-ouest-le-ministre-de-la-fonction-publique-guillaume-kasbarian-de-visite-en-gironde\/#article","isPartOf":{"@id":"https:\/\/www.olikrom.com\/fr\/presse\/sud-ouest-le-ministre-de-la-fonction-publique-guillaume-kasbarian-de-visite-en-gironde\/"},"author":{"name":"olikrom","@id":"https:\/\/www.olikrom.com\/fr\/#\/schema\/person\/9df28334ff037f296d71c6cf145904ca"},"headline":"[Sud Ouest] Le ministre de la Fonction publique Guillaume Kasbarian de visite en Gironde","datePublished":"2024-11-25T10:31:34+00:00","dateModified":"2024-12-04T11:03:04+00:00","mainEntityOfPage":{"@id":"https:\/\/www.olikrom.com\/fr\/presse\/sud-ouest-le-ministre-de-la-fonction-publique-guillaume-kasbarian-de-visite-en-gironde\/"},"wordCount":305,"publisher":{"@id":"https:\/\/www.olikrom.com\/fr\/#organization"},"image":{"@id":"https:\/\/www.olikrom.com\/fr\/presse\/sud-ouest-le-ministre-de-la-fonction-publique-guillaume-kasbarian-de-visite-en-gironde\/#primaryimage"},"thumbnailUrl":"https:\/\/www.olikrom.com\/wp-content\/uploads\/2024\/07\/logo-sud-ouest-e1733310328560.png","articleSection":["Presse"],"inLanguage":"fr-FR"},{"@type":"WebPage","@id":"https:\/\/www.olikrom.com\/fr\/presse\/sud-ouest-le-ministre-de-la-fonction-publique-guillaume-kasbarian-de-visite-en-gironde\/","url":"https:\/\/www.olikrom.com\/fr\/presse\/sud-ouest-le-ministre-de-la-fonction-publique-guillaume-kasbarian-de-visite-en-gironde\/","name":"Guillaume Kasbarian visite OliKrom en Gironde","isPartOf":{"@id":"https:\/\/www.olikrom.com\/fr\/#website"},"primaryImageOfPage":{"@id":"https:\/\/www.olikrom.com\/fr\/presse\/sud-ouest-le-ministre-de-la-fonction-publique-guillaume-kasbarian-de-visite-en-gironde\/#primaryimage"},"image":{"@id":"https:\/\/www.olikrom.com\/fr\/presse\/sud-ouest-le-ministre-de-la-fonction-publique-guillaume-kasbarian-de-visite-en-gironde\/#primaryimage"},"thumbnailUrl":"https:\/\/www.olikrom.com\/wp-content\/uploads\/2024\/07\/logo-sud-ouest-e1733310328560.png","datePublished":"2024-11-25T10:31:34+00:00","dateModified":"2024-12-04T11:03:04+00:00","description":"Le ministre Guillaume Kasbarian s\u2019est rendu en Gironde pour promouvoir la simplification administrative et d\u00e9bureaucratiser la fonction publique.","breadcrumb":{"@id":"https:\/\/www.olikrom.com\/fr\/presse\/sud-ouest-le-ministre-de-la-fonction-publique-guillaume-kasbarian-de-visite-en-gironde\/#breadcrumb"},"inLanguage":"fr-FR","potentialAction":[{"@type":"ReadAction","target":["https:\/\/www.olikrom.com\/fr\/presse\/sud-ouest-le-ministre-de-la-fonction-publique-guillaume-kasbarian-de-visite-en-gironde\/"]}]},{"@type":"ImageObject","inLanguage":"fr-FR","@id":"https:\/\/www.olikrom.com\/fr\/presse\/sud-ouest-le-ministre-de-la-fonction-publique-guillaume-kasbarian-de-visite-en-gironde\/#primaryimage","url":"https:\/\/www.olikrom.com\/wp-content\/uploads\/2024\/07\/logo-sud-ouest-e1733310328560.png","contentUrl":"https:\/\/www.olikrom.com\/wp-content\/uploads\/2024\/07\/logo-sud-ouest-e1733310328560.png","width":600,"height":284,"caption":"Logo sud ouest"},{"@type":"BreadcrumbList","@id":"https:\/\/www.olikrom.com\/fr\/presse\/sud-ouest-le-ministre-de-la-fonction-publique-guillaume-kasbarian-de-visite-en-gironde\/#breadcrumb","itemListElement":[{"@type":"ListItem","position":1,"name":"Home","item":"https:\/\/www.olikrom.com\/fr\/"},{"@type":"ListItem","position":2,"name":"[Sud Ouest] Le ministre de la Fonction publique Guillaume Kasbarian de visite en Gironde"}]},{"@type":"WebSite","@id":"https:\/\/www.olikrom.com\/fr\/#website","url":"https:\/\/www.olikrom.com\/fr\/","name":"OliKrom","description":"","publisher":{"@id":"https:\/\/www.olikrom.com\/fr\/#organization"},"potentialAction":[{"@type":"SearchAction","target":{"@type":"EntryPoint","urlTemplate":"https:\/\/www.olikrom.com\/fr\/?s={search_term_string}"},"query-input":{"@type":"PropertyValueSpecification","valueRequired":true,"valueName":"search_term_string"}}],"inLanguage":"fr-FR"},{"@type":"Organization","@id":"https:\/\/www.olikrom.com\/fr\/#organization","name":"Olikrom","url":"https:\/\/www.olikrom.com\/fr\/","logo":{"@type":"ImageObject","inLanguage":"fr-FR","@id":"https:\/\/www.olikrom.com\/fr\/#\/schema\/logo\/image\/","url":"https:\/\/www.olikrom.com\/wp-content\/uploads\/2022\/01\/olikrom-logo-couleurs-2021-ok.png","contentUrl":"https:\/\/www.olikrom.com\/wp-content\/uploads\/2022\/01\/olikrom-logo-couleurs-2021-ok.png","width":285,"height":84,"caption":"Olikrom"},"image":{"@id":"https:\/\/www.olikrom.com\/fr\/#\/schema\/logo\/image\/"}},{"@type":"Person","@id":"https:\/\/www.olikrom.com\/fr\/#\/schema\/person\/9df28334ff037f296d71c6cf145904ca","name":"olikrom","image":{"@type":"ImageObject","inLanguage":"fr-FR","@id":"https:\/\/secure.gravatar.com\/avatar\/610dbff3ea490fd0b981b1b2f5a26a440c8e40f8f474fc7fb84a8ac9573692f1?s=96&d=mm&r=g","url":"https:\/\/secure.gravatar.com\/avatar\/610dbff3ea490fd0b981b1b2f5a26a440c8e40f8f474fc7fb84a8ac9573692f1?s=96&d=mm&r=g","contentUrl":"https:\/\/secure.gravatar.com\/avatar\/610dbff3ea490fd0b981b1b2f5a26a440c8e40f8f474fc7fb84a8ac9573692f1?s=96&d=mm&r=g","caption":"olikrom"}}]}},"_links":{"self":[{"href":"https:\/\/www.olikrom.com\/fr\/wp-json\/wp\/v2\/posts\/34982","targetHints":{"allow":["GET"]}}],"collection":[{"href":"https:\/\/www.olikrom.com\/fr\/wp-json\/wp\/v2\/posts"}],"about":[{"href":"https:\/\/www.olikrom.com\/fr\/wp-json\/wp\/v2\/types\/post"}],"author":[{"embeddable":true,"href":"https:\/\/www.olikrom.com\/fr\/wp-json\/wp\/v2\/users\/10"}],"replies":[{"embeddable":true,"href":"https:\/\/www.olikrom.com\/fr\/wp-json\/wp\/v2\/comments?post=34982"}],"version-history":[{"count":2,"href":"https:\/\/www.olikrom.com\/fr\/wp-json\/wp\/v2\/posts\/34982\/revisions"}],"predecessor-version":[{"id":34986,"href":"https:\/\/www.olikrom.com\/fr\/wp-json\/wp\/v2\/posts\/34982\/revisions\/34986"}],"wp:featuredmedia":[{"embeddable":true,"href":"https:\/\/www.olikrom.com\/fr\/wp-json\/wp\/v2\/media\/34947"}],"wp:attachment":[{"href":"https:\/\/www.olikrom.com\/fr\/wp-json\/wp\/v2\/media?parent=34982"}],"wp:term":[{"taxonomy":"category","embeddable":true,"href":"https:\/\/www.olikrom.com\/fr\/wp-json\/wp\/v2\/categories?post=34982"},{"taxonomy":"post_tag","embeddable":true,"href":"https:\/\/www.olikrom.com\/fr\/wp-json\/wp\/v2\/tags?post=34982"}],"curies":[{"name":"wp","href":"https:\/\/api.w.org\/{rel}","templated":true}]}}