{"id":34857,"date":"2023-12-19T12:40:26","date_gmt":"2023-12-19T10:40:26","guid":{"rendered":"https:\/\/www.olikrom.com\/?p=34857"},"modified":"2024-04-15T09:56:30","modified_gmt":"2024-04-15T07:56:30","slug":"une-journee-de-celebration-a-olikrom-tous-reunis-pour-noel-et-la-fin-de-lannee","status":"publish","type":"post","link":"https:\/\/www.olikrom.com\/fr\/blog\/actualites\/une-journee-de-celebration-a-olikrom\/","title":{"rendered":"Une Journ\u00e9e de C\u00e9l\u00e9bration \u00e0 Olikrom : tous r\u00e9unis pour No\u00ebl et la fin de l&rsquo;ann\u00e9e"},"content":{"rendered":"<div id=\"pl-31025\" class=\"panel-layout\">\n<div id=\"pg-31025-0\" class=\"panel-grid panel-no-style\" data-style=\"{&quot;background_image_attachment&quot;:false,&quot;background_display&quot;:&quot;tile&quot;,&quot;cell_alignment&quot;:&quot;flex-start&quot;}\" data-ratio=\"1\" data-ratio-direction=\"right\">\n<div id=\"pgc-31025-0-0\" class=\"panel-grid-cell\" data-weight=\"1\">\n<div id=\"panel-31025-0-0-0\" class=\"so-panel widget widget_sow-editor panel-first-child\" data-index=\"0\" data-style=\"{&quot;background_image_attachment&quot;:false,&quot;background_display&quot;:&quot;tile&quot;,&quot;background_image_size&quot;:&quot;full&quot;,&quot;border_thickness&quot;:&quot;1px&quot;,&quot;margin&quot;:&quot;0px 0px 0px 0px&quot;}\" data-label=\"Bloc titre + photo + d\u00e9but texte\">\n<div class=\"so-widget-sow-editor so-widget-sow-editor-base\">\n<div class=\"siteorigin-widget-tinymce textwidget\">\n<p>L&rsquo;esprit festif de No\u00ebl est dans l&rsquo;air, et chez Olikrom, nous n&rsquo;avons pas manqu\u00e9 l&rsquo;occasion de c\u00e9l\u00e9brer tous ensemble cette saison joyeuse avec une journ\u00e9e de rassemblement inoubliable pour toute notre \u00e9quipe. Cette ann\u00e9e, nous avons d\u00e9cid\u00e9 de marquer les festivit\u00e9s de fin d&rsquo;ann\u00e9e en nous r\u00e9unissant pour partager un d\u00e9jeuner festif et chaleureux.<\/p>\n<\/div>\n<div id=\"pgc-31025-0-0\" class=\"panel-grid-cell\" data-weight=\"1\">\n<div id=\"panel-31025-0-0-0\" class=\"so-panel widget widget_sow-editor panel-first-child\" data-index=\"0\" data-style=\"{&quot;background_image_attachment&quot;:false,&quot;background_display&quot;:&quot;tile&quot;,&quot;background_image_size&quot;:&quot;full&quot;,&quot;border_thickness&quot;:&quot;1px&quot;,&quot;margin&quot;:&quot;0px 0px 0px 0px&quot;}\" data-label=\"Bloc titre + photo + d\u00e9but texte\">\n<p>&nbsp;<\/p>\n<\/div>\n<\/div>\n<div id=\"pgc-31025-0-0\" class=\"panel-grid-cell\" data-weight=\"1\">\n<div id=\"panel-31025-0-0-0\" class=\"so-panel widget widget_sow-editor panel-first-child\" data-index=\"0\" data-style=\"{&quot;background_image_attachment&quot;:false,&quot;background_display&quot;:&quot;tile&quot;,&quot;background_image_size&quot;:&quot;full&quot;,&quot;border_thickness&quot;:&quot;1px&quot;,&quot;margin&quot;:&quot;0px 0px 0px 0px&quot;}\" data-label=\"Bloc titre + photo + d\u00e9but texte\">\n<div id=\"panel-31025-0-0-0\" class=\"so-panel widget widget_sow-editor panel-first-child\" data-index=\"0\" data-style=\"{&quot;background_image_attachment&quot;:false,&quot;background_display&quot;:&quot;tile&quot;,&quot;background_image_size&quot;:&quot;full&quot;,&quot;border_thickness&quot;:&quot;1px&quot;,&quot;margin&quot;:&quot;0px 0px 0px 0px&quot;}\" data-label=\"Bloc titre + photo + d\u00e9but texte\">\n<div class=\"so-widget-sow-editor so-widget-sow-editor-base\">\n<div class=\"siteorigin-widget-tinymce textwidget\">\n<h2>Un moment de partage et d\u2019\u00e9changes pour f\u00eater la fin de l\u2019ann\u00e9e comme il se doit<\/h2>\n<\/div>\n<\/div>\n<\/div>\n<div id=\"panel-31025-0-0-1\" class=\"so-panel widget widget_sow-editor panel-last-child\" data-index=\"1\" data-style=\"{&quot;background_image_attachment&quot;:false,&quot;background_display&quot;:&quot;tile&quot;,&quot;background_image_size&quot;:&quot;full&quot;,&quot;border_thickness&quot;:&quot;1px&quot;}\" data-label=\"Bloc titre + photo + d\u00e9but texte\">\n<div class=\"so-widget-sow-editor so-widget-sow-editor-base\">\n<div class=\"siteorigin-widget-tinymce textwidget\">\n<p>Toute l\u2019\u00e9quipe a eu l\u2019occasion de se r\u00e9unir lors d\u2019une <strong>journ\u00e9e de c\u00e9l\u00e9bration et d\u2019\u00e9changes<\/strong> en ces f\u00eates de fin d\u2019ann\u00e9e.<\/p>\n<p>La journ\u00e9e \u00e9tait orient\u00e9e sur des prises de parole de chacun sur les faits marquants et succ\u00e8s de cette ann\u00e9e. L\u2019occasion de revenir sur toutes les aventures rencontr\u00e9es dans l\u2019entreprise en 2023.<\/p>\n<p>Apr\u00e8s les mots de chacun et de notre fondateur, l&rsquo;heure \u00e9tait venue de se r\u00e9galer lors d\u2019un <strong>repas pr\u00e9par\u00e9 sp\u00e9cialement pour l&rsquo;occasion<\/strong>.<\/p>\n<p>Nous avons \u00e9galement profit\u00e9 de cette journ\u00e9e pour reconna\u00eetre et remercier la contribution, le dynamisme et l&rsquo;implication de chacun tout au long de l&rsquo;ann\u00e9e.<\/p>\n<p>&nbsp;<\/p>\n<p><img loading=\"lazy\" decoding=\"async\" class=\"wp-image-34863 size-large aligncenter\" src=\"https:\/\/www.olikrom.com\/wp-content\/uploads\/2023\/12\/repas-noel-olikrom-2023-1024x464.png\" alt=\"repas noel olikrom 2023\" width=\"1016\" height=\"460\" srcset=\"https:\/\/www.olikrom.com\/wp-content\/uploads\/2023\/12\/repas-noel-olikrom-2023-1024x464.png 1024w, https:\/\/www.olikrom.com\/wp-content\/uploads\/2023\/12\/repas-noel-olikrom-2023-300x136.png 300w, https:\/\/www.olikrom.com\/wp-content\/uploads\/2023\/12\/repas-noel-olikrom-2023.png 1500w\" sizes=\"auto, (max-width: 1016px) 100vw, 1016px\" \/><\/p>\n<\/div>\n<\/div>\n<\/div>\n<\/div>\n<\/div>\n<div class=\"siteorigin-widget-tinymce textwidget\">\u00a0<\/div>\n<\/div>\n<\/div>\n<\/div>\n<\/div>\n<div id=\"pg-31025-8\" class=\"panel-grid panel-no-style\" data-style=\"{&quot;background_image_attachment&quot;:false,&quot;background_display&quot;:&quot;tile&quot;,&quot;bottom_margin&quot;:&quot;40px&quot;,&quot;cell_alignment&quot;:&quot;flex-start&quot;}\" data-ratio=\"1\" data-ratio-direction=\"right\">\n<div id=\"pgc-31025-8-0\" class=\"panel-grid-cell\" data-weight=\"1\">\n<div id=\"panel-31025-8-0-0\" class=\"so-panel widget widget_sow-editor panel-first-child panel-last-child\" data-index=\"13\" data-style=\"{&quot;padding&quot;:&quot;0px 0px 0px 0px&quot;,&quot;mobile_margin&quot;:&quot;0px 0px 0px 0px&quot;,&quot;mobile_padding&quot;:&quot;0px 0px 0px 0px&quot;,&quot;background_image_attachment&quot;:false,&quot;background_display&quot;:&quot;tile&quot;,&quot;background_image_size&quot;:&quot;full&quot;,&quot;border_thickness&quot;:&quot;1px&quot;,&quot;margin&quot;:&quot;0px 0px 0px 0px&quot;}\" data-label=\"Bloc titre + photo + d\u00e9but texte\">\n<div class=\"panel-widget-style panel-widget-style-for-31025-8-0-0\">\n<div class=\"so-widget-sow-editor so-widget-sow-editor-base\">\n<p>Chez Olikrom, la p\u00e9riode des f\u00eates de fin d\u2019ann\u00e9e est un moment o\u00f9 nous nous rassemblons tous pour <strong>c\u00e9l\u00e9brer, partager et renforcer nos liens<\/strong>. Nous tenons \u00e0 remercier l&rsquo;ensemble de nos partenaires pour leur confiance, et nous attendons avec impatience une <strong>nouvelle ann\u00e9e remplie de r\u00e9ussites<\/strong> et d&rsquo;opportunit\u00e9s passionnantes.<\/p>\n<p>&nbsp;<\/p>\n<p>En cette p\u00e9riode de festivit\u00e9s, nous souhaitons \u00e0 chacun d&rsquo;entre vous un No\u00ebl joyeux et une nouvelle ann\u00e9e prosp\u00e8re. Que cette saison apporte la paix, la joie et la r\u00e9ussite \u00e0 tous.<\/p>\n<p><strong>Toute l\u2019\u00e9quipe vous souhaite d\u2019excellentes f\u00eates de fin d\u2019ann\u00e9e\u00a0! A l\u2019ann\u00e9e prochaine\u00a0!<\/strong><\/p>\n<\/div>\n<\/div>\n<\/div>\n<\/div>\n<\/div>\n<\/div>\n","protected":false},"excerpt":{"rendered":"<p>L&rsquo;esprit festif de No\u00ebl est dans l&rsquo;air, et chez Olikrom, nous n&rsquo;avons pas manqu\u00e9 l&rsquo;occasion de c\u00e9l\u00e9brer tous ensemble cette saison joyeuse avec une journ\u00e9e de rassemblement inoubliable pour [&hellip;]<\/p>\n","protected":false},"author":10,"featured_media":34889,"comment_status":"closed","ping_status":"closed","sticky":false,"template":"","format":"standard","meta":{"inline_featured_image":false,"footnotes":""},"categories":[384],"tags":[],"class_list":["post-34857","post","type-post","status-publish","format-standard","has-post-thumbnail","hentry","category-la-vie-de-lentreprise"],"yoast_head":"<!-- This site is optimized with the Yoast SEO plugin v27.5 - https:\/\/yoast.com\/product\/yoast-seo-wordpress\/ -->\n<title>OliKrom c\u00e9l\u00e8bre les fetes de fin d&#039;ann\u00e9e 2023 - OliKrom<\/title>\n<meta name=\"description\" content=\"Toute l&#039;\u00e9quipe d&#039;OliKrom a d\u00e9cid\u00e9 de se r\u00e9unir pour c\u00e9l\u00e9brer les f\u00eates de fin d&#039;ann\u00e9e et partager de bons moments tous ensemble.\" \/>\n<meta name=\"robots\" content=\"index, follow, max-snippet:-1, max-image-preview:large, max-video-preview:-1\" \/>\n<link rel=\"canonical\" href=\"https:\/\/www.olikrom.com\/fr\/blog\/actualites\/une-journee-de-celebration-a-olikrom\/\" \/>\n<meta property=\"og:locale\" content=\"fr_FR\" \/>\n<meta property=\"og:type\" content=\"article\" \/>\n<meta property=\"og:title\" content=\"OliKrom c\u00e9l\u00e8bre les fetes de fin d&#039;ann\u00e9e 2023 - OliKrom\" \/>\n<meta property=\"og:description\" content=\"Toute l&#039;\u00e9quipe d&#039;OliKrom a d\u00e9cid\u00e9 de se r\u00e9unir pour c\u00e9l\u00e9brer les f\u00eates de fin d&#039;ann\u00e9e et partager de bons moments tous ensemble.\" \/>\n<meta property=\"og:url\" content=\"https:\/\/www.olikrom.com\/fr\/blog\/actualites\/une-journee-de-celebration-a-olikrom\/\" \/>\n<meta property=\"og:site_name\" content=\"OliKrom\" \/>\n<meta property=\"article:published_time\" content=\"2023-12-19T10:40:26+00:00\" \/>\n<meta property=\"article:modified_time\" content=\"2024-04-15T07:56:30+00:00\" \/>\n<meta property=\"og:image\" content=\"https:\/\/www.olikrom.com\/wp-content\/uploads\/2023\/12\/olikrom-repas-noel-2023.png\" \/>\n\t<meta property=\"og:image:width\" content=\"532\" \/>\n\t<meta property=\"og:image:height\" content=\"251\" \/>\n\t<meta property=\"og:image:type\" content=\"image\/png\" \/>\n<meta name=\"author\" content=\"olikrom\" \/>\n<meta name=\"twitter:card\" content=\"summary_large_image\" \/>\n<meta name=\"twitter:label1\" content=\"\u00c9crit par\" \/>\n\t<meta name=\"twitter:data1\" content=\"olikrom\" \/>\n<script type=\"application\/ld+json\" class=\"yoast-schema-graph\">{\"@context\":\"https:\\\/\\\/schema.org\",\"@graph\":[{\"@type\":\"Article\",\"@id\":\"https:\\\/\\\/www.olikrom.com\\\/fr\\\/blog\\\/actualites\\\/une-journee-de-celebration-a-olikrom\\\/#article\",\"isPartOf\":{\"@id\":\"https:\\\/\\\/www.olikrom.com\\\/fr\\\/blog\\\/actualites\\\/une-journee-de-celebration-a-olikrom\\\/\"},\"author\":{\"name\":\"olikrom\",\"@id\":\"https:\\\/\\\/www.olikrom.com\\\/fr\\\/#\\\/schema\\\/person\\\/9df28334ff037f296d71c6cf145904ca\"},\"headline\":\"Une Journ\u00e9e de C\u00e9l\u00e9bration \u00e0 Olikrom : tous r\u00e9unis pour No\u00ebl et la fin de l&rsquo;ann\u00e9e\",\"datePublished\":\"2023-12-19T10:40:26+00:00\",\"dateModified\":\"2024-04-15T07:56:30+00:00\",\"mainEntityOfPage\":{\"@id\":\"https:\\\/\\\/www.olikrom.com\\\/fr\\\/blog\\\/actualites\\\/une-journee-de-celebration-a-olikrom\\\/\"},\"wordCount\":356,\"publisher\":{\"@id\":\"https:\\\/\\\/www.olikrom.com\\\/fr\\\/#organization\"},\"image\":{\"@id\":\"https:\\\/\\\/www.olikrom.com\\\/fr\\\/blog\\\/actualites\\\/une-journee-de-celebration-a-olikrom\\\/#primaryimage\"},\"thumbnailUrl\":\"https:\\\/\\\/www.olikrom.com\\\/wp-content\\\/uploads\\\/2023\\\/12\\\/olikrom-repas-noel-2023.png\",\"articleSection\":[\"La vie de l'entreprise\"],\"inLanguage\":\"fr-FR\"},{\"@type\":\"WebPage\",\"@id\":\"https:\\\/\\\/www.olikrom.com\\\/fr\\\/blog\\\/actualites\\\/une-journee-de-celebration-a-olikrom\\\/\",\"url\":\"https:\\\/\\\/www.olikrom.com\\\/fr\\\/blog\\\/actualites\\\/une-journee-de-celebration-a-olikrom\\\/\",\"name\":\"OliKrom c\u00e9l\u00e8bre les fetes de fin d'ann\u00e9e 2023 - OliKrom\",\"isPartOf\":{\"@id\":\"https:\\\/\\\/www.olikrom.com\\\/fr\\\/#website\"},\"primaryImageOfPage\":{\"@id\":\"https:\\\/\\\/www.olikrom.com\\\/fr\\\/blog\\\/actualites\\\/une-journee-de-celebration-a-olikrom\\\/#primaryimage\"},\"image\":{\"@id\":\"https:\\\/\\\/www.olikrom.com\\\/fr\\\/blog\\\/actualites\\\/une-journee-de-celebration-a-olikrom\\\/#primaryimage\"},\"thumbnailUrl\":\"https:\\\/\\\/www.olikrom.com\\\/wp-content\\\/uploads\\\/2023\\\/12\\\/olikrom-repas-noel-2023.png\",\"datePublished\":\"2023-12-19T10:40:26+00:00\",\"dateModified\":\"2024-04-15T07:56:30+00:00\",\"description\":\"Toute l'\u00e9quipe d'OliKrom a d\u00e9cid\u00e9 de se r\u00e9unir pour c\u00e9l\u00e9brer les f\u00eates de fin d'ann\u00e9e et partager de bons moments tous ensemble.\",\"breadcrumb\":{\"@id\":\"https:\\\/\\\/www.olikrom.com\\\/fr\\\/blog\\\/actualites\\\/une-journee-de-celebration-a-olikrom\\\/#breadcrumb\"},\"inLanguage\":\"fr-FR\",\"potentialAction\":[{\"@type\":\"ReadAction\",\"target\":[\"https:\\\/\\\/www.olikrom.com\\\/fr\\\/blog\\\/actualites\\\/une-journee-de-celebration-a-olikrom\\\/\"]}]},{\"@type\":\"ImageObject\",\"inLanguage\":\"fr-FR\",\"@id\":\"https:\\\/\\\/www.olikrom.com\\\/fr\\\/blog\\\/actualites\\\/une-journee-de-celebration-a-olikrom\\\/#primaryimage\",\"url\":\"https:\\\/\\\/www.olikrom.com\\\/wp-content\\\/uploads\\\/2023\\\/12\\\/olikrom-repas-noel-2023.png\",\"contentUrl\":\"https:\\\/\\\/www.olikrom.com\\\/wp-content\\\/uploads\\\/2023\\\/12\\\/olikrom-repas-noel-2023.png\",\"width\":532,\"height\":251,\"caption\":\"Repas \u00e9quipe Noel 2023\"},{\"@type\":\"BreadcrumbList\",\"@id\":\"https:\\\/\\\/www.olikrom.com\\\/fr\\\/blog\\\/actualites\\\/une-journee-de-celebration-a-olikrom\\\/#breadcrumb\",\"itemListElement\":[{\"@type\":\"ListItem\",\"position\":1,\"name\":\"Home\",\"item\":\"https:\\\/\\\/www.olikrom.com\\\/fr\\\/\"},{\"@type\":\"ListItem\",\"position\":2,\"name\":\"Une Journ\u00e9e de C\u00e9l\u00e9bration \u00e0 Olikrom : tous r\u00e9unis pour No\u00ebl et la fin de l&rsquo;ann\u00e9e\"}]},{\"@type\":\"WebSite\",\"@id\":\"https:\\\/\\\/www.olikrom.com\\\/fr\\\/#website\",\"url\":\"https:\\\/\\\/www.olikrom.com\\\/fr\\\/\",\"name\":\"OliKrom\",\"description\":\"\",\"publisher\":{\"@id\":\"https:\\\/\\\/www.olikrom.com\\\/fr\\\/#organization\"},\"potentialAction\":[{\"@type\":\"SearchAction\",\"target\":{\"@type\":\"EntryPoint\",\"urlTemplate\":\"https:\\\/\\\/www.olikrom.com\\\/fr\\\/?s={search_term_string}\"},\"query-input\":{\"@type\":\"PropertyValueSpecification\",\"valueRequired\":true,\"valueName\":\"search_term_string\"}}],\"inLanguage\":\"fr-FR\"},{\"@type\":\"Organization\",\"@id\":\"https:\\\/\\\/www.olikrom.com\\\/fr\\\/#organization\",\"name\":\"Olikrom\",\"url\":\"https:\\\/\\\/www.olikrom.com\\\/fr\\\/\",\"logo\":{\"@type\":\"ImageObject\",\"inLanguage\":\"fr-FR\",\"@id\":\"https:\\\/\\\/www.olikrom.com\\\/fr\\\/#\\\/schema\\\/logo\\\/image\\\/\",\"url\":\"https:\\\/\\\/www.olikrom.com\\\/wp-content\\\/uploads\\\/2022\\\/01\\\/olikrom-logo-couleurs-2021-ok.png\",\"contentUrl\":\"https:\\\/\\\/www.olikrom.com\\\/wp-content\\\/uploads\\\/2022\\\/01\\\/olikrom-logo-couleurs-2021-ok.png\",\"width\":285,\"height\":84,\"caption\":\"Olikrom\"},\"image\":{\"@id\":\"https:\\\/\\\/www.olikrom.com\\\/fr\\\/#\\\/schema\\\/logo\\\/image\\\/\"}},{\"@type\":\"Person\",\"@id\":\"https:\\\/\\\/www.olikrom.com\\\/fr\\\/#\\\/schema\\\/person\\\/9df28334ff037f296d71c6cf145904ca\",\"name\":\"olikrom\",\"image\":{\"@type\":\"ImageObject\",\"inLanguage\":\"fr-FR\",\"@id\":\"https:\\\/\\\/secure.gravatar.com\\\/avatar\\\/610dbff3ea490fd0b981b1b2f5a26a440c8e40f8f474fc7fb84a8ac9573692f1?s=96&d=mm&r=g\",\"url\":\"https:\\\/\\\/secure.gravatar.com\\\/avatar\\\/610dbff3ea490fd0b981b1b2f5a26a440c8e40f8f474fc7fb84a8ac9573692f1?s=96&d=mm&r=g\",\"contentUrl\":\"https:\\\/\\\/secure.gravatar.com\\\/avatar\\\/610dbff3ea490fd0b981b1b2f5a26a440c8e40f8f474fc7fb84a8ac9573692f1?s=96&d=mm&r=g\",\"caption\":\"olikrom\"}}]}<\/script>\n<!-- \/ Yoast SEO plugin. -->","yoast_head_json":{"title":"OliKrom c\u00e9l\u00e8bre les fetes de fin d'ann\u00e9e 2023 - OliKrom","description":"Toute l'\u00e9quipe d'OliKrom a d\u00e9cid\u00e9 de se r\u00e9unir pour c\u00e9l\u00e9brer les f\u00eates de fin d'ann\u00e9e et partager de bons moments tous ensemble.","robots":{"index":"index","follow":"follow","max-snippet":"max-snippet:-1","max-image-preview":"max-image-preview:large","max-video-preview":"max-video-preview:-1"},"canonical":"https:\/\/www.olikrom.com\/fr\/blog\/actualites\/une-journee-de-celebration-a-olikrom\/","og_locale":"fr_FR","og_type":"article","og_title":"OliKrom c\u00e9l\u00e8bre les fetes de fin d'ann\u00e9e 2023 - OliKrom","og_description":"Toute l'\u00e9quipe d'OliKrom a d\u00e9cid\u00e9 de se r\u00e9unir pour c\u00e9l\u00e9brer les f\u00eates de fin d'ann\u00e9e et partager de bons moments tous ensemble.","og_url":"https:\/\/www.olikrom.com\/fr\/blog\/actualites\/une-journee-de-celebration-a-olikrom\/","og_site_name":"OliKrom","article_published_time":"2023-12-19T10:40:26+00:00","article_modified_time":"2024-04-15T07:56:30+00:00","og_image":[{"width":532,"height":251,"url":"https:\/\/www.olikrom.com\/wp-content\/uploads\/2023\/12\/olikrom-repas-noel-2023.png","type":"image\/png"}],"author":"olikrom","twitter_card":"summary_large_image","twitter_misc":{"\u00c9crit par":"olikrom"},"schema":{"@context":"https:\/\/schema.org","@graph":[{"@type":"Article","@id":"https:\/\/www.olikrom.com\/fr\/blog\/actualites\/une-journee-de-celebration-a-olikrom\/#article","isPartOf":{"@id":"https:\/\/www.olikrom.com\/fr\/blog\/actualites\/une-journee-de-celebration-a-olikrom\/"},"author":{"name":"olikrom","@id":"https:\/\/www.olikrom.com\/fr\/#\/schema\/person\/9df28334ff037f296d71c6cf145904ca"},"headline":"Une Journ\u00e9e de C\u00e9l\u00e9bration \u00e0 Olikrom : tous r\u00e9unis pour No\u00ebl et la fin de l&rsquo;ann\u00e9e","datePublished":"2023-12-19T10:40:26+00:00","dateModified":"2024-04-15T07:56:30+00:00","mainEntityOfPage":{"@id":"https:\/\/www.olikrom.com\/fr\/blog\/actualites\/une-journee-de-celebration-a-olikrom\/"},"wordCount":356,"publisher":{"@id":"https:\/\/www.olikrom.com\/fr\/#organization"},"image":{"@id":"https:\/\/www.olikrom.com\/fr\/blog\/actualites\/une-journee-de-celebration-a-olikrom\/#primaryimage"},"thumbnailUrl":"https:\/\/www.olikrom.com\/wp-content\/uploads\/2023\/12\/olikrom-repas-noel-2023.png","articleSection":["La vie de l'entreprise"],"inLanguage":"fr-FR"},{"@type":"WebPage","@id":"https:\/\/www.olikrom.com\/fr\/blog\/actualites\/une-journee-de-celebration-a-olikrom\/","url":"https:\/\/www.olikrom.com\/fr\/blog\/actualites\/une-journee-de-celebration-a-olikrom\/","name":"OliKrom c\u00e9l\u00e8bre les fetes de fin d'ann\u00e9e 2023 - OliKrom","isPartOf":{"@id":"https:\/\/www.olikrom.com\/fr\/#website"},"primaryImageOfPage":{"@id":"https:\/\/www.olikrom.com\/fr\/blog\/actualites\/une-journee-de-celebration-a-olikrom\/#primaryimage"},"image":{"@id":"https:\/\/www.olikrom.com\/fr\/blog\/actualites\/une-journee-de-celebration-a-olikrom\/#primaryimage"},"thumbnailUrl":"https:\/\/www.olikrom.com\/wp-content\/uploads\/2023\/12\/olikrom-repas-noel-2023.png","datePublished":"2023-12-19T10:40:26+00:00","dateModified":"2024-04-15T07:56:30+00:00","description":"Toute l'\u00e9quipe d'OliKrom a d\u00e9cid\u00e9 de se r\u00e9unir pour c\u00e9l\u00e9brer les f\u00eates de fin d'ann\u00e9e et partager de bons moments tous ensemble.","breadcrumb":{"@id":"https:\/\/www.olikrom.com\/fr\/blog\/actualites\/une-journee-de-celebration-a-olikrom\/#breadcrumb"},"inLanguage":"fr-FR","potentialAction":[{"@type":"ReadAction","target":["https:\/\/www.olikrom.com\/fr\/blog\/actualites\/une-journee-de-celebration-a-olikrom\/"]}]},{"@type":"ImageObject","inLanguage":"fr-FR","@id":"https:\/\/www.olikrom.com\/fr\/blog\/actualites\/une-journee-de-celebration-a-olikrom\/#primaryimage","url":"https:\/\/www.olikrom.com\/wp-content\/uploads\/2023\/12\/olikrom-repas-noel-2023.png","contentUrl":"https:\/\/www.olikrom.com\/wp-content\/uploads\/2023\/12\/olikrom-repas-noel-2023.png","width":532,"height":251,"caption":"Repas \u00e9quipe Noel 2023"},{"@type":"BreadcrumbList","@id":"https:\/\/www.olikrom.com\/fr\/blog\/actualites\/une-journee-de-celebration-a-olikrom\/#breadcrumb","itemListElement":[{"@type":"ListItem","position":1,"name":"Home","item":"https:\/\/www.olikrom.com\/fr\/"},{"@type":"ListItem","position":2,"name":"Une Journ\u00e9e de C\u00e9l\u00e9bration \u00e0 Olikrom : tous r\u00e9unis pour No\u00ebl et la fin de l&rsquo;ann\u00e9e"}]},{"@type":"WebSite","@id":"https:\/\/www.olikrom.com\/fr\/#website","url":"https:\/\/www.olikrom.com\/fr\/","name":"OliKrom","description":"","publisher":{"@id":"https:\/\/www.olikrom.com\/fr\/#organization"},"potentialAction":[{"@type":"SearchAction","target":{"@type":"EntryPoint","urlTemplate":"https:\/\/www.olikrom.com\/fr\/?s={search_term_string}"},"query-input":{"@type":"PropertyValueSpecification","valueRequired":true,"valueName":"search_term_string"}}],"inLanguage":"fr-FR"},{"@type":"Organization","@id":"https:\/\/www.olikrom.com\/fr\/#organization","name":"Olikrom","url":"https:\/\/www.olikrom.com\/fr\/","logo":{"@type":"ImageObject","inLanguage":"fr-FR","@id":"https:\/\/www.olikrom.com\/fr\/#\/schema\/logo\/image\/","url":"https:\/\/www.olikrom.com\/wp-content\/uploads\/2022\/01\/olikrom-logo-couleurs-2021-ok.png","contentUrl":"https:\/\/www.olikrom.com\/wp-content\/uploads\/2022\/01\/olikrom-logo-couleurs-2021-ok.png","width":285,"height":84,"caption":"Olikrom"},"image":{"@id":"https:\/\/www.olikrom.com\/fr\/#\/schema\/logo\/image\/"}},{"@type":"Person","@id":"https:\/\/www.olikrom.com\/fr\/#\/schema\/person\/9df28334ff037f296d71c6cf145904ca","name":"olikrom","image":{"@type":"ImageObject","inLanguage":"fr-FR","@id":"https:\/\/secure.gravatar.com\/avatar\/610dbff3ea490fd0b981b1b2f5a26a440c8e40f8f474fc7fb84a8ac9573692f1?s=96&d=mm&r=g","url":"https:\/\/secure.gravatar.com\/avatar\/610dbff3ea490fd0b981b1b2f5a26a440c8e40f8f474fc7fb84a8ac9573692f1?s=96&d=mm&r=g","contentUrl":"https:\/\/secure.gravatar.com\/avatar\/610dbff3ea490fd0b981b1b2f5a26a440c8e40f8f474fc7fb84a8ac9573692f1?s=96&d=mm&r=g","caption":"olikrom"}}]}},"_links":{"self":[{"href":"https:\/\/www.olikrom.com\/fr\/wp-json\/wp\/v2\/posts\/34857","targetHints":{"allow":["GET"]}}],"collection":[{"href":"https:\/\/www.olikrom.com\/fr\/wp-json\/wp\/v2\/posts"}],"about":[{"href":"https:\/\/www.olikrom.com\/fr\/wp-json\/wp\/v2\/types\/post"}],"author":[{"embeddable":true,"href":"https:\/\/www.olikrom.com\/fr\/wp-json\/wp\/v2\/users\/10"}],"replies":[{"embeddable":true,"href":"https:\/\/www.olikrom.com\/fr\/wp-json\/wp\/v2\/comments?post=34857"}],"version-history":[{"count":5,"href":"https:\/\/www.olikrom.com\/fr\/wp-json\/wp\/v2\/posts\/34857\/revisions"}],"predecessor-version":[{"id":34894,"href":"https:\/\/www.olikrom.com\/fr\/wp-json\/wp\/v2\/posts\/34857\/revisions\/34894"}],"wp:featuredmedia":[{"embeddable":true,"href":"https:\/\/www.olikrom.com\/fr\/wp-json\/wp\/v2\/media\/34889"}],"wp:attachment":[{"href":"https:\/\/www.olikrom.com\/fr\/wp-json\/wp\/v2\/media?parent=34857"}],"wp:term":[{"taxonomy":"category","embeddable":true,"href":"https:\/\/www.olikrom.com\/fr\/wp-json\/wp\/v2\/categories?post=34857"},{"taxonomy":"post_tag","embeddable":true,"href":"https:\/\/www.olikrom.com\/fr\/wp-json\/wp\/v2\/tags?post=34857"}],"curies":[{"name":"wp","href":"https:\/\/api.w.org\/{rel}","templated":true}]}}