{"id":29705,"date":"2022-09-01T08:51:04","date_gmt":"2022-09-01T06:51:04","guid":{"rendered":"https:\/\/www.olikrom.com\/?p=29705"},"modified":"2025-05-06T17:06:46","modified_gmt":"2025-05-06T15:06:46","slug":"journal-des-entreprises-olikrom-investit-6-millions-deuros-pour-tripler-la-surface-de-son-usine-a-pessac","status":"publish","type":"post","link":"https:\/\/www.olikrom.com\/fr\/presse\/journal-des-entreprises-olikrom-investit-6-millions-deuros-pour-tripler-la-surface-de-son-usine-a-pessac\/","title":{"rendered":"[JOURNAL DES ENTREPRISES] Olikrom investit 6 millions d\u2019euros pour tripler la surface de son usine \u00e0 Pessac"},"content":{"rendered":"<h3 data-start=\"331\" data-end=\"418\"><span class=\"_fadeIn_pfttw_8\">Olikrom <\/span><span class=\"_fadeIn_pfttw_8\">triple <\/span><span class=\"_fadeIn_pfttw_8\">la <\/span><span class=\"_fadeIn_pfttw_8\">surface <\/span><span class=\"_fadeIn_pfttw_8\">de <\/span><span class=\"_fadeIn_pfttw_8\">son <\/span><span class=\"_fadeIn_pfttw_8\">usine <\/span><span class=\"_fadeIn_pfttw_8\">pour <\/span><span class=\"_fadeIn_pfttw_8\">suivre <\/span><span class=\"_fadeIn_pfttw_8\">la <\/span><span class=\"_fadeIn_pfttw_8\">croissance <\/span><span class=\"_fadeIn_pfttw_8\">de <\/span><span class=\"_fadeIn_pfttw_8\">LuminoKrom\u00ae<\/span><\/h3>\n<p data-start=\"420\" data-end=\"1041\"><span class=\"_fadeIn_pfttw_8\">Pour <\/span><span class=\"_fadeIn_pfttw_8\">r\u00e9pondre <\/span><span class=\"_fadeIn_pfttw_8\">\u00e0 <\/span><span class=\"_fadeIn_pfttw_8\">la <\/span><span class=\"_fadeIn_pfttw_8\">forte <\/span><span class=\"_fadeIn_pfttw_8\">progression <\/span><span class=\"_fadeIn_pfttw_8\">de <\/span><span class=\"_fadeIn_pfttw_8\">son <\/span><span class=\"_fadeIn_pfttw_8\">activit\u00e9, <\/span><span class=\"_fadeIn_pfttw_8\">Olikrom <\/span><span class=\"_fadeIn_pfttw_8\">investit <\/span><span class=\"_fadeIn_pfttw_8\">6 <\/span><span class=\"_fadeIn_pfttw_8\">millions <\/span><span class=\"_fadeIn_pfttw_8\">d\u2019euros <\/span><span class=\"_fadeIn_pfttw_8\">dans <\/span><span class=\"_fadeIn_pfttw_8\">l\u2019agrandissement <\/span><span class=\"_fadeIn_pfttw_8\">de <\/span><span class=\"_fadeIn_pfttw_8\">son <\/span><span class=\"_fadeIn_pfttw_8\">site <\/span><span class=\"_fadeIn_pfttw_8\">industriel <\/span><span class=\"_fadeIn_pfttw_8\">\u00e0 <\/span><span class=\"_fadeIn_pfttw_8\">Pessac. <\/span><span class=\"_fadeIn_pfttw_8\">L\u2019entreprise <\/span><span class=\"_fadeIn_pfttw_8\">a <\/span><span class=\"_fadeIn_pfttw_8\">acquis <\/span><span class=\"_fadeIn_pfttw_8\">un <\/span><span class=\"_fadeIn_pfttw_8\">terrain <\/span><span class=\"_fadeIn_pfttw_8\">de <\/span><span class=\"_fadeIn_pfttw_8\">4 <\/span><span class=\"_fadeIn_pfttw_8\">500 <\/span><span class=\"_fadeIn_pfttw_8\">m\u00b2 <\/span><span class=\"_fadeIn_pfttw_8\">voisin <\/span><span class=\"_fadeIn_pfttw_8\">de <\/span><span class=\"_fadeIn_pfttw_8\">son <\/span><span class=\"_fadeIn_pfttw_8\">site <\/span><span class=\"_fadeIn_pfttw_8\">actuel <\/span><span class=\"_fadeIn_pfttw_8\">pour <\/span><span class=\"_fadeIn_pfttw_8\">y <\/span><span class=\"_fadeIn_pfttw_8\">cr\u00e9er <\/span><span class=\"_fadeIn_pfttw_8\">quatre <\/span><span class=\"_fadeIn_pfttw_8\">nouvelles <\/span><span class=\"_fadeIn_pfttw_8\">lignes <\/span><span class=\"_fadeIn_pfttw_8\">de <\/span><span class=\"_fadeIn_pfttw_8\">production. <\/span><span class=\"_fadeIn_pfttw_8\">Objectif : <\/span><span class=\"_fadeIn_pfttw_8\">tripler <\/span><span class=\"_fadeIn_pfttw_8\">sa <\/span><span class=\"_fadeIn_pfttw_8\">capacit\u00e9 <\/span><span class=\"_fadeIn_pfttw_8\">industrielle <\/span><span class=\"_fadeIn_pfttw_8\">afin <\/span><span class=\"_fadeIn_pfttw_8\">de <\/span><span class=\"_fadeIn_pfttw_8\">faire <\/span><span class=\"_fadeIn_pfttw_8\">face <\/span><span class=\"_fadeIn_pfttw_8\">\u00e0 <\/span><span class=\"_fadeIn_pfttw_8\">la <\/span><span class=\"_fadeIn_pfttw_8\">demande <\/span><span class=\"_fadeIn_pfttw_8\">croissante <\/span><span class=\"_fadeIn_pfttw_8\">de <\/span><span class=\"_fadeIn_pfttw_8\">LuminoKrom\u00ae, <\/span><span class=\"_fadeIn_pfttw_8\">la <\/span><span class=\"_fadeIn_pfttw_8\">peinture <\/span><span class=\"_fadeIn_pfttw_8\">photoluminescente <\/span><span class=\"_fadeIn_pfttw_8\">d\u00e9velopp\u00e9e <\/span><span class=\"_fadeIn_pfttw_8\">par <\/span><span class=\"_fadeIn_pfttw_8\">Olikrom. <\/span><span class=\"_fadeIn_pfttw_8\">Avec <\/span><span class=\"_fadeIn_pfttw_8\">des <\/span><span class=\"_fadeIn_pfttw_8\">ventes <\/span><span class=\"_fadeIn_pfttw_8\">doubl\u00e9es <\/span><span class=\"_fadeIn_pfttw_8\">chaque <\/span><span class=\"_fadeIn_pfttw_8\">ann\u00e9e <\/span><span class=\"_fadeIn_pfttw_8\">depuis <\/span><span class=\"_fadeIn_pfttw_8\">2019, <\/span><span class=\"_fadeIn_pfttw_8\">cette <\/span><span class=\"_fadeIn_pfttw_8\">technologie <\/span><span class=\"_fadeIn_pfttw_8\">s\u00e9duit <\/span><span class=\"_fadeIn_pfttw_8\">de <\/span><span class=\"_fadeIn_pfttw_8\">plus <\/span><span class=\"_fadeIn_pfttw_8\">en <\/span><span class=\"_fadeIn_pfttw_8\">plus <\/span><span class=\"_fadeIn_pfttw_8\">de <\/span><span class=\"_fadeIn_pfttw_8\">collectivit\u00e9s <\/span><span class=\"_fadeIn_pfttw_8\">qui <\/span><span class=\"_fadeIn_pfttw_8\">souhaitent <\/span><span class=\"_fadeIn_pfttw_8\">s\u00e9curiser <\/span><span class=\"_fadeIn_pfttw_8\">les <\/span><span class=\"_fadeIn_pfttw_8\">d\u00e9placements <\/span><span class=\"_fadeIn_pfttw_8\">nocturnes <\/span><span class=\"_fadeIn_pfttw_8\">sans <\/span><span class=\"_fadeIn_pfttw_8\">recourir <\/span><span class=\"_fadeIn_pfttw_8\">\u00e0 <\/span><span class=\"_fadeIn_pfttw_8\">l\u2019\u00e9clairage <\/span><span class=\"_fadeIn_pfttw_8\">public.<\/span><\/p>\n<p data-start=\"420\" data-end=\"1041\">\u00a0<\/p>\n<h3 data-start=\"1043\" data-end=\"1123\"><span class=\"_fadeIn_pfttw_8\">Un <\/span><span class=\"_fadeIn_pfttw_8\">investissement <\/span><span class=\"_fadeIn_pfttw_8\">strat\u00e9gique <\/span><span class=\"_fadeIn_pfttw_8\">pour <\/span><span class=\"_fadeIn_pfttw_8\">lancer <\/span><span class=\"_fadeIn_pfttw_8\">de <\/span><span class=\"_fadeIn_pfttw_8\">nouvelles <\/span><span class=\"_fadeIn_pfttw_8\">gammes <\/span><span class=\"_fadeIn_pfttw_8\">innovantes<\/span><\/h3>\n<p data-start=\"1125\" data-end=\"1812\"><span class=\"_fadeIn_pfttw_8\">L\u2019extension <\/span><span class=\"_fadeIn_pfttw_8\">du <\/span><span class=\"_fadeIn_pfttw_8\">site, <\/span><span class=\"_fadeIn_pfttw_8\">soutenue <\/span><span class=\"_fadeIn_pfttw_8\">par <\/span><span class=\"_fadeIn_pfttw_8\">la <\/span><span class=\"_fadeIn_pfttw_8\">Ville <\/span><span class=\"_fadeIn_pfttw_8\">de <\/span><span class=\"_fadeIn_pfttw_8\">Pessac, <\/span><span class=\"_fadeIn_pfttw_8\">Bordeaux <\/span><span class=\"_fadeIn_pfttw_8\">M\u00e9tropole, <\/span><span class=\"_fadeIn_pfttw_8\">le <\/span><span class=\"_fadeIn_pfttw_8\">CIC <\/span><span class=\"_fadeIn_pfttw_8\">Sud-<\/span><span class=\"_fadeIn_pfttw_8\">Ouest <\/span><span class=\"_fadeIn_pfttw_8\">et <\/span><span class=\"_fadeIn_pfttw_8\">le <\/span><span class=\"_fadeIn_pfttw_8\">Cr\u00e9dit <\/span><span class=\"_fadeIn_pfttw_8\">Agricole <\/span><span class=\"_fadeIn_pfttw_8\">d\u2019Aquitaine, <\/span><span class=\"_fadeIn_pfttw_8\">permettra <\/span><span class=\"_fadeIn_pfttw_8\">aussi <\/span><span class=\"_fadeIn_pfttw_8\">\u00e0 <\/span><span class=\"_fadeIn_pfttw_8\">Olikrom <\/span><span class=\"_fadeIn_pfttw_8\">de <\/span><span class=\"_fadeIn_pfttw_8\">pr\u00e9-<\/span><span class=\"_fadeIn_pfttw_8\">industrialiser <\/span><span class=\"_fadeIn_pfttw_8\">plusieurs <\/span><span class=\"_fadeIn_pfttw_8\">innovations <\/span><span class=\"_fadeIn_pfttw_8\">en <\/span><span class=\"_fadeIn_pfttw_8\">cours <\/span><span class=\"_fadeIn_pfttw_8\">de <\/span><span class=\"_fadeIn_pfttw_8\">d\u00e9veloppement. <\/span><span class=\"_fadeIn_pfttw_8\">Les <\/span><span class=\"_fadeIn_pfttw_8\">nouvelles <\/span><span class=\"_fadeIn_pfttw_8\">lignes <\/span><span class=\"_fadeIn_pfttw_8\">seront <\/span><span class=\"_fadeIn_pfttw_8\">d\u00e9di\u00e9es <\/span><span class=\"_fadeIn_pfttw_8\">\u00e0 <\/span><span class=\"_fadeIn_pfttw_8\">des <\/span><span class=\"_fadeIn_pfttw_8\">produits <\/span><span class=\"_fadeIn_pfttw_8\">destin\u00e9s <\/span><span class=\"_fadeIn_pfttw_8\">\u00e0 <\/span><span class=\"_fadeIn_pfttw_8\">la <\/span><span class=\"_fadeIn_pfttw_8\">sant\u00e9 (<\/span><span class=\"_fadeIn_pfttw_8\">remplacement <\/span><span class=\"_fadeIn_pfttw_8\">de <\/span><span class=\"_fadeIn_pfttw_8\">composants <\/span><span class=\"_fadeIn_pfttw_8\">toxiques), <\/span><span class=\"_fadeIn_pfttw_8\">au <\/span><span class=\"_fadeIn_pfttw_8\">luxe (<\/span><span class=\"_fadeIn_pfttw_8\">mat\u00e9riaux <\/span><span class=\"_fadeIn_pfttw_8\">haute <\/span><span class=\"_fadeIn_pfttw_8\">performance), <\/span><span class=\"_fadeIn_pfttw_8\">\u00e0 <\/span><span class=\"_fadeIn_pfttw_8\">la <\/span><span class=\"_fadeIn_pfttw_8\">s\u00e9curit\u00e9 <\/span><span class=\"_fadeIn_pfttw_8\">industrielle (<\/span><span class=\"_fadeIn_pfttw_8\">d\u00e9tection <\/span><span class=\"_fadeIn_pfttw_8\">de <\/span><span class=\"_fadeIn_pfttw_8\">corrosion, <\/span><span class=\"_fadeIn_pfttw_8\">fuites, <\/span><span class=\"_fadeIn_pfttw_8\">impacts) <\/span><span class=\"_fadeIn_pfttw_8\">et <\/span><span class=\"_fadeIn_pfttw_8\">\u00e0 <\/span><span class=\"_fadeIn_pfttw_8\">la <\/span><span class=\"_fadeIn_pfttw_8\">lutte <\/span><span class=\"_fadeIn_pfttw_8\">contre <\/span><span class=\"_fadeIn_pfttw_8\">la <\/span><span class=\"_fadeIn_pfttw_8\">contrefa\u00e7on. <\/span><span class=\"_fadeIn_pfttw_8\">Le <\/span><span class=\"_fadeIn_pfttw_8\">nouveau <\/span><span class=\"_fadeIn_pfttw_8\">site <\/span><span class=\"_fadeIn_pfttw_8\">sera <\/span><span class=\"_fadeIn_pfttw_8\">op\u00e9rationnel <\/span><span class=\"_fadeIn_pfttw_8\">en <\/span><span class=\"_fadeIn_pfttw_8\">2024 <\/span><span class=\"_fadeIn_pfttw_8\">et <\/span><span class=\"_fadeIn_pfttw_8\">devrait <\/span><span class=\"_fadeIn_pfttw_8\">permettre <\/span><span class=\"_fadeIn_pfttw_8\">\u00e0 <\/span><span class=\"_fadeIn_pfttw_8\">l\u2019entreprise <\/span><span class=\"_fadeIn_pfttw_8\">de <\/span><span class=\"_fadeIn_pfttw_8\">doubler <\/span><span class=\"_fadeIn_pfttw_8\">ses <\/span><span class=\"_fadeIn_pfttw_8\">effectifs <\/span><span class=\"_fadeIn_pfttw_8\">d\u2019ici <\/span><span class=\"_fadeIn_pfttw_8\">deux <\/span><span class=\"_fadeIn_pfttw_8\">ans, <\/span><span class=\"_fadeIn_pfttw_8\">consolidant <\/span><span class=\"_fadeIn_pfttw_8\">ainsi <\/span><span class=\"_fadeIn_pfttw_8\">son <\/span><span class=\"_fadeIn_pfttw_8\">ambition <\/span><span class=\"_fadeIn_pfttw_8\">de <\/span><span class=\"_fadeIn_pfttw_8\">devenir <\/span><span class=\"_fadeIn_pfttw_8\">un <\/span><span class=\"_fadeIn_pfttw_8\">leader <\/span><span class=\"_fadeIn_pfttw_8\">industriel <\/span><span class=\"_fadeIn_pfttw_8\">des <\/span><span class=\"_fadeIn_pfttw_8\">mat\u00e9riaux <\/span><span class=\"_fadeIn_pfttw_8\">intelligents.<\/span><\/p>\n","protected":false},"excerpt":{"rendered":"<p>Olikrom triple la surface de son usine pour suivre la croissance de LuminoKrom\u00ae Pour r\u00e9pondre \u00e0 la forte progression de son activit\u00e9, Olikrom investit 6 millions d\u2019euros dans l\u2019agrandissement [&hellip;]<\/p>\n","protected":false},"author":10,"featured_media":29706,"comment_status":"closed","ping_status":"closed","sticky":false,"template":"","format":"standard","meta":{"inline_featured_image":false,"footnotes":""},"categories":[378],"tags":[],"class_list":["post-29705","post","type-post","status-publish","format-standard","has-post-thumbnail","hentry","category-presse"],"yoast_head":"<!-- This site is optimized with the Yoast SEO plugin v27.5 - https:\/\/yoast.com\/product\/yoast-seo-wordpress\/ -->\n<title>[JOURNAL DES ENTREPRISES] OliKrom veut tripler son usine<\/title>\n<meta name=\"description\" content=\"Sp\u00e9cialiste du changement de couleur, la PME r\u00e9pond \u00e0 sa forte croissance commerciale en acqu\u00e9rant un terrain adjacent \u00e0 son site\" \/>\n<meta name=\"robots\" content=\"index, follow, max-snippet:-1, max-image-preview:large, max-video-preview:-1\" \/>\n<link rel=\"canonical\" href=\"https:\/\/www.olikrom.com\/fr\/presse\/journal-des-entreprises-olikrom-investit-6-millions-deuros-pour-tripler-la-surface-de-son-usine-a-pessac\/\" \/>\n<meta property=\"og:locale\" content=\"fr_FR\" \/>\n<meta property=\"og:type\" content=\"article\" \/>\n<meta property=\"og:title\" content=\"[JOURNAL DES ENTREPRISES] OliKrom veut tripler son usine\" \/>\n<meta property=\"og:description\" content=\"Sp\u00e9cialiste du changement de couleur, la PME r\u00e9pond \u00e0 sa forte croissance commerciale en acqu\u00e9rant un terrain adjacent \u00e0 son site\" \/>\n<meta property=\"og:url\" content=\"https:\/\/www.olikrom.com\/fr\/presse\/journal-des-entreprises-olikrom-investit-6-millions-deuros-pour-tripler-la-surface-de-son-usine-a-pessac\/\" \/>\n<meta property=\"og:site_name\" content=\"OliKrom\" \/>\n<meta property=\"article:published_time\" content=\"2022-09-01T06:51:04+00:00\" \/>\n<meta property=\"article:modified_time\" content=\"2025-05-06T15:06:46+00:00\" \/>\n<meta property=\"og:image\" content=\"https:\/\/www.olikrom.com\/wp-content\/uploads\/2022\/09\/le-journal-des-entreprises.jpg\" \/>\n\t<meta property=\"og:image:width\" content=\"532\" \/>\n\t<meta property=\"og:image:height\" content=\"251\" \/>\n\t<meta property=\"og:image:type\" content=\"image\/jpeg\" \/>\n<meta name=\"author\" content=\"olikrom\" \/>\n<meta name=\"twitter:card\" content=\"summary_large_image\" \/>\n<meta name=\"twitter:label1\" content=\"\u00c9crit par\" \/>\n\t<meta name=\"twitter:data1\" content=\"olikrom\" \/>\n\t<meta name=\"twitter:label2\" content=\"Dur\u00e9e de lecture estim\u00e9e\" \/>\n\t<meta name=\"twitter:data2\" content=\"1 minute\" \/>\n<script type=\"application\/ld+json\" class=\"yoast-schema-graph\">{\"@context\":\"https:\\\/\\\/schema.org\",\"@graph\":[{\"@type\":\"Article\",\"@id\":\"https:\\\/\\\/www.olikrom.com\\\/fr\\\/presse\\\/journal-des-entreprises-olikrom-investit-6-millions-deuros-pour-tripler-la-surface-de-son-usine-a-pessac\\\/#article\",\"isPartOf\":{\"@id\":\"https:\\\/\\\/www.olikrom.com\\\/fr\\\/presse\\\/journal-des-entreprises-olikrom-investit-6-millions-deuros-pour-tripler-la-surface-de-son-usine-a-pessac\\\/\"},\"author\":{\"name\":\"olikrom\",\"@id\":\"https:\\\/\\\/www.olikrom.com\\\/fr\\\/#\\\/schema\\\/person\\\/9df28334ff037f296d71c6cf145904ca\"},\"headline\":\"[JOURNAL DES ENTREPRISES] Olikrom investit 6 millions d\u2019euros pour tripler la surface de son usine \u00e0 Pessac\",\"datePublished\":\"2022-09-01T06:51:04+00:00\",\"dateModified\":\"2025-05-06T15:06:46+00:00\",\"mainEntityOfPage\":{\"@id\":\"https:\\\/\\\/www.olikrom.com\\\/fr\\\/presse\\\/journal-des-entreprises-olikrom-investit-6-millions-deuros-pour-tripler-la-surface-de-son-usine-a-pessac\\\/\"},\"wordCount\":249,\"publisher\":{\"@id\":\"https:\\\/\\\/www.olikrom.com\\\/fr\\\/#organization\"},\"image\":{\"@id\":\"https:\\\/\\\/www.olikrom.com\\\/fr\\\/presse\\\/journal-des-entreprises-olikrom-investit-6-millions-deuros-pour-tripler-la-surface-de-son-usine-a-pessac\\\/#primaryimage\"},\"thumbnailUrl\":\"https:\\\/\\\/www.olikrom.com\\\/wp-content\\\/uploads\\\/2022\\\/09\\\/le-journal-des-entreprises.jpg\",\"articleSection\":[\"Presse\"],\"inLanguage\":\"fr-FR\"},{\"@type\":\"WebPage\",\"@id\":\"https:\\\/\\\/www.olikrom.com\\\/fr\\\/presse\\\/journal-des-entreprises-olikrom-investit-6-millions-deuros-pour-tripler-la-surface-de-son-usine-a-pessac\\\/\",\"url\":\"https:\\\/\\\/www.olikrom.com\\\/fr\\\/presse\\\/journal-des-entreprises-olikrom-investit-6-millions-deuros-pour-tripler-la-surface-de-son-usine-a-pessac\\\/\",\"name\":\"[JOURNAL DES ENTREPRISES] OliKrom veut tripler son usine\",\"isPartOf\":{\"@id\":\"https:\\\/\\\/www.olikrom.com\\\/fr\\\/#website\"},\"primaryImageOfPage\":{\"@id\":\"https:\\\/\\\/www.olikrom.com\\\/fr\\\/presse\\\/journal-des-entreprises-olikrom-investit-6-millions-deuros-pour-tripler-la-surface-de-son-usine-a-pessac\\\/#primaryimage\"},\"image\":{\"@id\":\"https:\\\/\\\/www.olikrom.com\\\/fr\\\/presse\\\/journal-des-entreprises-olikrom-investit-6-millions-deuros-pour-tripler-la-surface-de-son-usine-a-pessac\\\/#primaryimage\"},\"thumbnailUrl\":\"https:\\\/\\\/www.olikrom.com\\\/wp-content\\\/uploads\\\/2022\\\/09\\\/le-journal-des-entreprises.jpg\",\"datePublished\":\"2022-09-01T06:51:04+00:00\",\"dateModified\":\"2025-05-06T15:06:46+00:00\",\"description\":\"Sp\u00e9cialiste du changement de couleur, la PME r\u00e9pond \u00e0 sa forte croissance commerciale en acqu\u00e9rant un terrain adjacent \u00e0 son site\",\"breadcrumb\":{\"@id\":\"https:\\\/\\\/www.olikrom.com\\\/fr\\\/presse\\\/journal-des-entreprises-olikrom-investit-6-millions-deuros-pour-tripler-la-surface-de-son-usine-a-pessac\\\/#breadcrumb\"},\"inLanguage\":\"fr-FR\",\"potentialAction\":[{\"@type\":\"ReadAction\",\"target\":[\"https:\\\/\\\/www.olikrom.com\\\/fr\\\/presse\\\/journal-des-entreprises-olikrom-investit-6-millions-deuros-pour-tripler-la-surface-de-son-usine-a-pessac\\\/\"]}]},{\"@type\":\"ImageObject\",\"inLanguage\":\"fr-FR\",\"@id\":\"https:\\\/\\\/www.olikrom.com\\\/fr\\\/presse\\\/journal-des-entreprises-olikrom-investit-6-millions-deuros-pour-tripler-la-surface-de-son-usine-a-pessac\\\/#primaryimage\",\"url\":\"https:\\\/\\\/www.olikrom.com\\\/wp-content\\\/uploads\\\/2022\\\/09\\\/le-journal-des-entreprises.jpg\",\"contentUrl\":\"https:\\\/\\\/www.olikrom.com\\\/wp-content\\\/uploads\\\/2022\\\/09\\\/le-journal-des-entreprises.jpg\",\"width\":532,\"height\":251,\"caption\":\"le-journal-des-entreprises\"},{\"@type\":\"BreadcrumbList\",\"@id\":\"https:\\\/\\\/www.olikrom.com\\\/fr\\\/presse\\\/journal-des-entreprises-olikrom-investit-6-millions-deuros-pour-tripler-la-surface-de-son-usine-a-pessac\\\/#breadcrumb\",\"itemListElement\":[{\"@type\":\"ListItem\",\"position\":1,\"name\":\"Home\",\"item\":\"https:\\\/\\\/www.olikrom.com\\\/fr\\\/\"},{\"@type\":\"ListItem\",\"position\":2,\"name\":\"[JOURNAL DES ENTREPRISES] Olikrom investit 6 millions d\u2019euros pour tripler la surface de son usine \u00e0 Pessac\"}]},{\"@type\":\"WebSite\",\"@id\":\"https:\\\/\\\/www.olikrom.com\\\/fr\\\/#website\",\"url\":\"https:\\\/\\\/www.olikrom.com\\\/fr\\\/\",\"name\":\"OliKrom\",\"description\":\"\",\"publisher\":{\"@id\":\"https:\\\/\\\/www.olikrom.com\\\/fr\\\/#organization\"},\"potentialAction\":[{\"@type\":\"SearchAction\",\"target\":{\"@type\":\"EntryPoint\",\"urlTemplate\":\"https:\\\/\\\/www.olikrom.com\\\/fr\\\/?s={search_term_string}\"},\"query-input\":{\"@type\":\"PropertyValueSpecification\",\"valueRequired\":true,\"valueName\":\"search_term_string\"}}],\"inLanguage\":\"fr-FR\"},{\"@type\":\"Organization\",\"@id\":\"https:\\\/\\\/www.olikrom.com\\\/fr\\\/#organization\",\"name\":\"Olikrom\",\"url\":\"https:\\\/\\\/www.olikrom.com\\\/fr\\\/\",\"logo\":{\"@type\":\"ImageObject\",\"inLanguage\":\"fr-FR\",\"@id\":\"https:\\\/\\\/www.olikrom.com\\\/fr\\\/#\\\/schema\\\/logo\\\/image\\\/\",\"url\":\"https:\\\/\\\/www.olikrom.com\\\/wp-content\\\/uploads\\\/2022\\\/01\\\/olikrom-logo-couleurs-2021-ok.png\",\"contentUrl\":\"https:\\\/\\\/www.olikrom.com\\\/wp-content\\\/uploads\\\/2022\\\/01\\\/olikrom-logo-couleurs-2021-ok.png\",\"width\":285,\"height\":84,\"caption\":\"Olikrom\"},\"image\":{\"@id\":\"https:\\\/\\\/www.olikrom.com\\\/fr\\\/#\\\/schema\\\/logo\\\/image\\\/\"}},{\"@type\":\"Person\",\"@id\":\"https:\\\/\\\/www.olikrom.com\\\/fr\\\/#\\\/schema\\\/person\\\/9df28334ff037f296d71c6cf145904ca\",\"name\":\"olikrom\",\"image\":{\"@type\":\"ImageObject\",\"inLanguage\":\"fr-FR\",\"@id\":\"https:\\\/\\\/secure.gravatar.com\\\/avatar\\\/610dbff3ea490fd0b981b1b2f5a26a440c8e40f8f474fc7fb84a8ac9573692f1?s=96&d=mm&r=g\",\"url\":\"https:\\\/\\\/secure.gravatar.com\\\/avatar\\\/610dbff3ea490fd0b981b1b2f5a26a440c8e40f8f474fc7fb84a8ac9573692f1?s=96&d=mm&r=g\",\"contentUrl\":\"https:\\\/\\\/secure.gravatar.com\\\/avatar\\\/610dbff3ea490fd0b981b1b2f5a26a440c8e40f8f474fc7fb84a8ac9573692f1?s=96&d=mm&r=g\",\"caption\":\"olikrom\"}}]}<\/script>\n<!-- \/ Yoast SEO plugin. -->","yoast_head_json":{"title":"[JOURNAL DES ENTREPRISES] OliKrom veut tripler son usine","description":"Sp\u00e9cialiste du changement de couleur, la PME r\u00e9pond \u00e0 sa forte croissance commerciale en acqu\u00e9rant un terrain adjacent \u00e0 son site","robots":{"index":"index","follow":"follow","max-snippet":"max-snippet:-1","max-image-preview":"max-image-preview:large","max-video-preview":"max-video-preview:-1"},"canonical":"https:\/\/www.olikrom.com\/fr\/presse\/journal-des-entreprises-olikrom-investit-6-millions-deuros-pour-tripler-la-surface-de-son-usine-a-pessac\/","og_locale":"fr_FR","og_type":"article","og_title":"[JOURNAL DES ENTREPRISES] OliKrom veut tripler son usine","og_description":"Sp\u00e9cialiste du changement de couleur, la PME r\u00e9pond \u00e0 sa forte croissance commerciale en acqu\u00e9rant un terrain adjacent \u00e0 son site","og_url":"https:\/\/www.olikrom.com\/fr\/presse\/journal-des-entreprises-olikrom-investit-6-millions-deuros-pour-tripler-la-surface-de-son-usine-a-pessac\/","og_site_name":"OliKrom","article_published_time":"2022-09-01T06:51:04+00:00","article_modified_time":"2025-05-06T15:06:46+00:00","og_image":[{"width":532,"height":251,"url":"https:\/\/www.olikrom.com\/wp-content\/uploads\/2022\/09\/le-journal-des-entreprises.jpg","type":"image\/jpeg"}],"author":"olikrom","twitter_card":"summary_large_image","twitter_misc":{"\u00c9crit par":"olikrom","Dur\u00e9e de lecture estim\u00e9e":"1 minute"},"schema":{"@context":"https:\/\/schema.org","@graph":[{"@type":"Article","@id":"https:\/\/www.olikrom.com\/fr\/presse\/journal-des-entreprises-olikrom-investit-6-millions-deuros-pour-tripler-la-surface-de-son-usine-a-pessac\/#article","isPartOf":{"@id":"https:\/\/www.olikrom.com\/fr\/presse\/journal-des-entreprises-olikrom-investit-6-millions-deuros-pour-tripler-la-surface-de-son-usine-a-pessac\/"},"author":{"name":"olikrom","@id":"https:\/\/www.olikrom.com\/fr\/#\/schema\/person\/9df28334ff037f296d71c6cf145904ca"},"headline":"[JOURNAL DES ENTREPRISES] Olikrom investit 6 millions d\u2019euros pour tripler la surface de son usine \u00e0 Pessac","datePublished":"2022-09-01T06:51:04+00:00","dateModified":"2025-05-06T15:06:46+00:00","mainEntityOfPage":{"@id":"https:\/\/www.olikrom.com\/fr\/presse\/journal-des-entreprises-olikrom-investit-6-millions-deuros-pour-tripler-la-surface-de-son-usine-a-pessac\/"},"wordCount":249,"publisher":{"@id":"https:\/\/www.olikrom.com\/fr\/#organization"},"image":{"@id":"https:\/\/www.olikrom.com\/fr\/presse\/journal-des-entreprises-olikrom-investit-6-millions-deuros-pour-tripler-la-surface-de-son-usine-a-pessac\/#primaryimage"},"thumbnailUrl":"https:\/\/www.olikrom.com\/wp-content\/uploads\/2022\/09\/le-journal-des-entreprises.jpg","articleSection":["Presse"],"inLanguage":"fr-FR"},{"@type":"WebPage","@id":"https:\/\/www.olikrom.com\/fr\/presse\/journal-des-entreprises-olikrom-investit-6-millions-deuros-pour-tripler-la-surface-de-son-usine-a-pessac\/","url":"https:\/\/www.olikrom.com\/fr\/presse\/journal-des-entreprises-olikrom-investit-6-millions-deuros-pour-tripler-la-surface-de-son-usine-a-pessac\/","name":"[JOURNAL DES ENTREPRISES] OliKrom veut tripler son usine","isPartOf":{"@id":"https:\/\/www.olikrom.com\/fr\/#website"},"primaryImageOfPage":{"@id":"https:\/\/www.olikrom.com\/fr\/presse\/journal-des-entreprises-olikrom-investit-6-millions-deuros-pour-tripler-la-surface-de-son-usine-a-pessac\/#primaryimage"},"image":{"@id":"https:\/\/www.olikrom.com\/fr\/presse\/journal-des-entreprises-olikrom-investit-6-millions-deuros-pour-tripler-la-surface-de-son-usine-a-pessac\/#primaryimage"},"thumbnailUrl":"https:\/\/www.olikrom.com\/wp-content\/uploads\/2022\/09\/le-journal-des-entreprises.jpg","datePublished":"2022-09-01T06:51:04+00:00","dateModified":"2025-05-06T15:06:46+00:00","description":"Sp\u00e9cialiste du changement de couleur, la PME r\u00e9pond \u00e0 sa forte croissance commerciale en acqu\u00e9rant un terrain adjacent \u00e0 son site","breadcrumb":{"@id":"https:\/\/www.olikrom.com\/fr\/presse\/journal-des-entreprises-olikrom-investit-6-millions-deuros-pour-tripler-la-surface-de-son-usine-a-pessac\/#breadcrumb"},"inLanguage":"fr-FR","potentialAction":[{"@type":"ReadAction","target":["https:\/\/www.olikrom.com\/fr\/presse\/journal-des-entreprises-olikrom-investit-6-millions-deuros-pour-tripler-la-surface-de-son-usine-a-pessac\/"]}]},{"@type":"ImageObject","inLanguage":"fr-FR","@id":"https:\/\/www.olikrom.com\/fr\/presse\/journal-des-entreprises-olikrom-investit-6-millions-deuros-pour-tripler-la-surface-de-son-usine-a-pessac\/#primaryimage","url":"https:\/\/www.olikrom.com\/wp-content\/uploads\/2022\/09\/le-journal-des-entreprises.jpg","contentUrl":"https:\/\/www.olikrom.com\/wp-content\/uploads\/2022\/09\/le-journal-des-entreprises.jpg","width":532,"height":251,"caption":"le-journal-des-entreprises"},{"@type":"BreadcrumbList","@id":"https:\/\/www.olikrom.com\/fr\/presse\/journal-des-entreprises-olikrom-investit-6-millions-deuros-pour-tripler-la-surface-de-son-usine-a-pessac\/#breadcrumb","itemListElement":[{"@type":"ListItem","position":1,"name":"Home","item":"https:\/\/www.olikrom.com\/fr\/"},{"@type":"ListItem","position":2,"name":"[JOURNAL DES ENTREPRISES] Olikrom investit 6 millions d\u2019euros pour tripler la surface de son usine \u00e0 Pessac"}]},{"@type":"WebSite","@id":"https:\/\/www.olikrom.com\/fr\/#website","url":"https:\/\/www.olikrom.com\/fr\/","name":"OliKrom","description":"","publisher":{"@id":"https:\/\/www.olikrom.com\/fr\/#organization"},"potentialAction":[{"@type":"SearchAction","target":{"@type":"EntryPoint","urlTemplate":"https:\/\/www.olikrom.com\/fr\/?s={search_term_string}"},"query-input":{"@type":"PropertyValueSpecification","valueRequired":true,"valueName":"search_term_string"}}],"inLanguage":"fr-FR"},{"@type":"Organization","@id":"https:\/\/www.olikrom.com\/fr\/#organization","name":"Olikrom","url":"https:\/\/www.olikrom.com\/fr\/","logo":{"@type":"ImageObject","inLanguage":"fr-FR","@id":"https:\/\/www.olikrom.com\/fr\/#\/schema\/logo\/image\/","url":"https:\/\/www.olikrom.com\/wp-content\/uploads\/2022\/01\/olikrom-logo-couleurs-2021-ok.png","contentUrl":"https:\/\/www.olikrom.com\/wp-content\/uploads\/2022\/01\/olikrom-logo-couleurs-2021-ok.png","width":285,"height":84,"caption":"Olikrom"},"image":{"@id":"https:\/\/www.olikrom.com\/fr\/#\/schema\/logo\/image\/"}},{"@type":"Person","@id":"https:\/\/www.olikrom.com\/fr\/#\/schema\/person\/9df28334ff037f296d71c6cf145904ca","name":"olikrom","image":{"@type":"ImageObject","inLanguage":"fr-FR","@id":"https:\/\/secure.gravatar.com\/avatar\/610dbff3ea490fd0b981b1b2f5a26a440c8e40f8f474fc7fb84a8ac9573692f1?s=96&d=mm&r=g","url":"https:\/\/secure.gravatar.com\/avatar\/610dbff3ea490fd0b981b1b2f5a26a440c8e40f8f474fc7fb84a8ac9573692f1?s=96&d=mm&r=g","contentUrl":"https:\/\/secure.gravatar.com\/avatar\/610dbff3ea490fd0b981b1b2f5a26a440c8e40f8f474fc7fb84a8ac9573692f1?s=96&d=mm&r=g","caption":"olikrom"}}]}},"_links":{"self":[{"href":"https:\/\/www.olikrom.com\/fr\/wp-json\/wp\/v2\/posts\/29705","targetHints":{"allow":["GET"]}}],"collection":[{"href":"https:\/\/www.olikrom.com\/fr\/wp-json\/wp\/v2\/posts"}],"about":[{"href":"https:\/\/www.olikrom.com\/fr\/wp-json\/wp\/v2\/types\/post"}],"author":[{"embeddable":true,"href":"https:\/\/www.olikrom.com\/fr\/wp-json\/wp\/v2\/users\/10"}],"replies":[{"embeddable":true,"href":"https:\/\/www.olikrom.com\/fr\/wp-json\/wp\/v2\/comments?post=29705"}],"version-history":[{"count":3,"href":"https:\/\/www.olikrom.com\/fr\/wp-json\/wp\/v2\/posts\/29705\/revisions"}],"predecessor-version":[{"id":35495,"href":"https:\/\/www.olikrom.com\/fr\/wp-json\/wp\/v2\/posts\/29705\/revisions\/35495"}],"wp:featuredmedia":[{"embeddable":true,"href":"https:\/\/www.olikrom.com\/fr\/wp-json\/wp\/v2\/media\/29706"}],"wp:attachment":[{"href":"https:\/\/www.olikrom.com\/fr\/wp-json\/wp\/v2\/media?parent=29705"}],"wp:term":[{"taxonomy":"category","embeddable":true,"href":"https:\/\/www.olikrom.com\/fr\/wp-json\/wp\/v2\/categories?post=29705"},{"taxonomy":"post_tag","embeddable":true,"href":"https:\/\/www.olikrom.com\/fr\/wp-json\/wp\/v2\/tags?post=29705"}],"curies":[{"name":"wp","href":"https:\/\/api.w.org\/{rel}","templated":true}]}}