{"id":21551,"date":"2018-06-13T11:50:48","date_gmt":"2018-06-13T09:50:48","guid":{"rendered":"https:\/\/www.olikrom.com\/?p=21551"},"modified":"2023-01-27T17:02:57","modified_gmt":"2023-01-27T15:02:57","slug":"le-journal-des-entreprises-olikrom-leve-45-millions-deuros-pour-industrialiser-ses-pigments","status":"publish","type":"post","link":"https:\/\/www.olikrom.com\/fr\/presse\/le-journal-des-entreprises-olikrom-leve-45-millions-deuros-pour-industrialiser-ses-pigments\/","title":{"rendered":"[LE JOURNAL DES ENTREPRISES] OliKrom l\u00e8ve 4,5 millions d&rsquo;euros pour industrialiser ses pigments"},"content":{"rendered":"<p>La start-up sp\u00e9cialis\u00e9e dans la production de pigments intelligents pour l&rsquo;industrie vient de boucler une deuxi\u00e8me lev\u00e9e de fonds. Ces 4,5 millions d&rsquo;euros financeront le nouveau site d\u2019OliKrom \u00e0 Pessac (Gironde). Il accueillera le si\u00e8ge social, le centre de R&amp;D et une unit\u00e9 pilote de production.<\/p>\n<p>Sa technologie de rupture est n\u00e9e sur la paillasse d\u2019un laboratoire universitaire de Pessac, en Gironde. Plus d\u2019une d\u00e9cennie plus tard, Jean-Fran\u00e7ois L\u00e9tard reste attach\u00e9 \u00e0 la commune qui a vu \u00e9clore OliKrom. C\u2019est la raison pour laquelle il a choisi Pessac pour implanter son nouveau site, livr\u00e9 dans quelques semaines. 1 600 m2 d\u00e9di\u00e9s \u00e0 la pr\u00e9-industrialisation de ses innovations, des encres et peintures formul\u00e9es \u00e0 partir de <a href=\"https:\/\/www.olikrom.com\/fr\/une-nouvelle-generation-de-materiaux-intelligents\/\">pigments intelligents capables de changer de couleur<\/a> lorsqu\u2019il y a une perturbation de la <a href=\"https:\/\/www.olikrom.com\/fr\/thermochromes\/\">temp\u00e9rature<\/a>, de la <a href=\"https:\/\/www.olikrom.com\/fr\/photochromes\/\">lumi\u00e8re<\/a> ou de la <a href=\"https:\/\/www.olikrom.com\/fr\/piezochromes\/\">pression<\/a>.<\/p>\n<p>Il fallait financer cette nouvelle phase de d\u00e9veloppement et c\u2019est chose faite\u2009: OliKrom a lev\u00e9 4,5 millions d\u2019euros aupr\u00e8s de son investisseur historique \u2013 le fonds fran\u00e7ais Starquest Capital -, ainsi que Social Family, Bpifrance, Banque Populaire Aquitaine Centre Atlantique, la R\u00e9gion Nouvelle-Aquitaine et le programme Ademe \u00ab<a href=\"https:\/\/www.olikrom.com\/fr\/blog\/actualites\/eiffage-total-olikrom-ifsttar-declares-laureats-de-appel-a-projets-route-futur\/\"> Route du Futur<\/a> \u00bb, dont OliKrom est laur\u00e9at en consortium avec Eiffage.<\/p>\n<p>Un tour de table men\u00e9 tambour battant en seulement trois mois.\u00a0Il faut dire qu\u2019en moins de quatre ans d\u2019existence, la start-up a d\u00e9montr\u00e9 qu\u2019elle \u00e9tait solide sur ses appuis. Des fleurons de l\u2019industrie utilisent d\u00e9j\u00e0 ses pigments\u2009:\u00a0<a href=\"https:\/\/www.olikrom.com\/fr\/blog\/etudes-de-cas-clients\/innovation-de-rupture-dans-inspection-composite\/\">Airbus<\/a>, <a href=\"https:\/\/www.olikrom.com\/fr\/blog\/etudes-de-cas-clients\/eiffage-innovation-eco-durable-pour-la-securite-des-mobilites-douces\/\">Eiffage<\/a> ou encore <a href=\"https:\/\/www.olikrom.com\/fr\/blog\/actualites\/safran-turbomeca-et-olikrom-developpent-des-revetements-thermosensibles\/\">Turbomeca<\/a>. Autant de <a href=\"https:\/\/www.olikrom.com\/fr\/nos-clients\/\">clients prestigieux<\/a> pour s\u00e9curiser les investisseurs.<\/p>\n<p>&nbsp;<\/p>\n<h3>OliKrom, Un site op\u00e9rationnel \u00e0 l\u2019automne<\/h3>\n<p>\u00ab <em>Depuis notre cr\u00e9ation en 2014, nous avons franchi tr\u00e8s rapidement plusieurs \u00e9tapes cruciales<\/em> \u00bb, d\u00e9taille Jean-Fran\u00e7ois L\u00e9tard, son PDG. \u00ab <em>Ces derniers mois, notre croissance s\u2019est encore acc\u00e9l\u00e9r\u00e9e. Il est devenu urgent de renforcer nos \u00e9quipes (14 salari\u00e9s, ndlr) et de nous munir d\u2019un outil industriel performant, capable d\u2019absorber une forte progression de l\u2019activit\u00e9<\/em> \u00bb. Le nouveau site \u2013 qui devrait \u00eatre op\u00e9rationnel \u00e0 l\u2019automne \u2013 permettra de produire environ une tonne de pigments par mois.<\/p>\n<p>\u00ab\u00a0<em>C\u2019est une capacit\u00e9 suffisante pour certains march\u00e9s. Mais pour le domaine routier par exemple, dans le cadre de notre partenariat avec Eiffage, il faudra des volumes bien sup\u00e9rieurs. On va d\u2019abord d\u00e9montrer que l\u2019on est <a href=\"https:\/\/www.olikrom.com\/fr\/unite-de-production\/\">capable d\u2019industrialiser notre production<\/a>. Ensuite, dans deux ou trois ans, si tout va bien, nous aurons besoin d\u2019une usine dimensionn\u00e9e pour produire une dizaine de tonnes par mois<\/em>\u00a0\u00bb, anticipe le fondateur. \u00ab\u00a0<em>Cette future usine, si on doit la construire, ne sera pas forc\u00e9ment situ\u00e9e \u00e0 Pessac, en fonction des volumes. Mais on restera assur\u00e9ment \u00e0 proximit\u00e9 de Bordeaux. On tient \u00e0 rester ancr\u00e9 en Aquitaine<\/em>\u00a0\u00bb, assure-t-il.<\/p>\n<p>&nbsp;<\/p>\n<h3>Des recrutements pour monter en cadence<\/h3>\n<p>En attendant, OliKrom planifie son d\u00e9m\u00e9nagement imminent et tente de trouver la bonne recette pour une mise en production r\u00e9ussie. \u00ab <em>Le b\u00e2timent est conditionn\u00e9 pour accueillir 30 \u00e0 50 salari\u00e9s. Nous allons faire co\u00efncider les recrutements avec la mont\u00e9e en cadence. Il faut anticiper et en m\u00eame temps \u00eatre pragmatique. Il ne faut pas surdimensionner nos besoins. C\u2019est toujours un compromis, une prise de risque qui doit \u00eatre la plus mesur\u00e9e possible<\/em> \u00bb, temp\u00e8re Jean-Fran\u00e7ois L\u00e9tard. Une prudence qui, \u00e0 n\u2019en pas douter, a d\u00fb achever de convaincre les investisseurs\u2009!<\/p>\n","protected":false},"excerpt":{"rendered":"<p>La start-up sp\u00e9cialis\u00e9e dans la production de pigments intelligents pour l&rsquo;industrie vient de boucler une deuxi\u00e8me lev\u00e9e de fonds. Ces 4,5 millions d&rsquo;euros financeront le nouveau site d\u2019OliKrom \u00e0 [&hellip;]<\/p>\n","protected":false},"author":10,"featured_media":21560,"comment_status":"closed","ping_status":"closed","sticky":false,"template":"","format":"standard","meta":{"inline_featured_image":false,"footnotes":""},"categories":[378],"tags":[],"class_list":["post-21551","post","type-post","status-publish","format-standard","has-post-thumbnail","hentry","category-presse"],"yoast_head":"<!-- This site is optimized with the Yoast SEO plugin v27.5 - https:\/\/yoast.com\/product\/yoast-seo-wordpress\/ -->\n<title>[LE JOURNAL DES ENTREPRISES] OliKrom veut industrialiser<\/title>\n<meta name=\"description\" content=\"La start-up sp\u00e9cialis\u00e9e dans la production de pigments intelligents pour l&#039;industrie vient de boucler une deuxi\u00e8me lev\u00e9e de fonds.\" \/>\n<meta name=\"robots\" content=\"index, follow, max-snippet:-1, max-image-preview:large, max-video-preview:-1\" \/>\n<link rel=\"canonical\" href=\"https:\/\/www.olikrom.com\/fr\/presse\/le-journal-des-entreprises-olikrom-leve-45-millions-deuros-pour-industrialiser-ses-pigments\/\" \/>\n<meta property=\"og:locale\" content=\"fr_FR\" \/>\n<meta property=\"og:type\" content=\"article\" \/>\n<meta property=\"og:title\" content=\"[LE JOURNAL DES ENTREPRISES] OliKrom veut industrialiser\" \/>\n<meta property=\"og:description\" content=\"La start-up sp\u00e9cialis\u00e9e dans la production de pigments intelligents pour l&#039;industrie vient de boucler une deuxi\u00e8me lev\u00e9e de fonds.\" \/>\n<meta property=\"og:url\" content=\"https:\/\/www.olikrom.com\/fr\/presse\/le-journal-des-entreprises-olikrom-leve-45-millions-deuros-pour-industrialiser-ses-pigments\/\" \/>\n<meta property=\"og:site_name\" content=\"OliKrom\" \/>\n<meta property=\"article:published_time\" content=\"2018-06-13T09:50:48+00:00\" \/>\n<meta property=\"article:modified_time\" content=\"2023-01-27T15:02:57+00:00\" \/>\n<meta property=\"og:image\" content=\"https:\/\/www.olikrom.com\/wp-content\/uploads\/2018\/06\/le-journal-des-entreprises.jpg\" \/>\n\t<meta property=\"og:image:width\" content=\"532\" \/>\n\t<meta property=\"og:image:height\" content=\"251\" \/>\n\t<meta property=\"og:image:type\" content=\"image\/jpeg\" \/>\n<meta name=\"author\" content=\"olikrom\" \/>\n<meta name=\"twitter:card\" content=\"summary_large_image\" \/>\n<meta name=\"twitter:label1\" content=\"\u00c9crit par\" \/>\n\t<meta name=\"twitter:data1\" content=\"olikrom\" \/>\n\t<meta name=\"twitter:label2\" content=\"Dur\u00e9e de lecture estim\u00e9e\" \/>\n\t<meta name=\"twitter:data2\" content=\"1 minute\" \/>\n<script type=\"application\/ld+json\" class=\"yoast-schema-graph\">{\"@context\":\"https:\\\/\\\/schema.org\",\"@graph\":[{\"@type\":\"Article\",\"@id\":\"https:\\\/\\\/www.olikrom.com\\\/fr\\\/presse\\\/le-journal-des-entreprises-olikrom-leve-45-millions-deuros-pour-industrialiser-ses-pigments\\\/#article\",\"isPartOf\":{\"@id\":\"https:\\\/\\\/www.olikrom.com\\\/fr\\\/presse\\\/le-journal-des-entreprises-olikrom-leve-45-millions-deuros-pour-industrialiser-ses-pigments\\\/\"},\"author\":{\"name\":\"olikrom\",\"@id\":\"https:\\\/\\\/www.olikrom.com\\\/fr\\\/#\\\/schema\\\/person\\\/9df28334ff037f296d71c6cf145904ca\"},\"headline\":\"[LE JOURNAL DES ENTREPRISES] OliKrom l\u00e8ve 4,5 millions d&rsquo;euros pour industrialiser ses pigments\",\"datePublished\":\"2018-06-13T09:50:48+00:00\",\"dateModified\":\"2023-01-27T15:02:57+00:00\",\"mainEntityOfPage\":{\"@id\":\"https:\\\/\\\/www.olikrom.com\\\/fr\\\/presse\\\/le-journal-des-entreprises-olikrom-leve-45-millions-deuros-pour-industrialiser-ses-pigments\\\/\"},\"wordCount\":596,\"publisher\":{\"@id\":\"https:\\\/\\\/www.olikrom.com\\\/fr\\\/#organization\"},\"image\":{\"@id\":\"https:\\\/\\\/www.olikrom.com\\\/fr\\\/presse\\\/le-journal-des-entreprises-olikrom-leve-45-millions-deuros-pour-industrialiser-ses-pigments\\\/#primaryimage\"},\"thumbnailUrl\":\"https:\\\/\\\/www.olikrom.com\\\/wp-content\\\/uploads\\\/2018\\\/06\\\/le-journal-des-entreprises.jpg\",\"articleSection\":[\"Presse\"],\"inLanguage\":\"fr-FR\"},{\"@type\":\"WebPage\",\"@id\":\"https:\\\/\\\/www.olikrom.com\\\/fr\\\/presse\\\/le-journal-des-entreprises-olikrom-leve-45-millions-deuros-pour-industrialiser-ses-pigments\\\/\",\"url\":\"https:\\\/\\\/www.olikrom.com\\\/fr\\\/presse\\\/le-journal-des-entreprises-olikrom-leve-45-millions-deuros-pour-industrialiser-ses-pigments\\\/\",\"name\":\"[LE JOURNAL DES ENTREPRISES] OliKrom veut industrialiser\",\"isPartOf\":{\"@id\":\"https:\\\/\\\/www.olikrom.com\\\/fr\\\/#website\"},\"primaryImageOfPage\":{\"@id\":\"https:\\\/\\\/www.olikrom.com\\\/fr\\\/presse\\\/le-journal-des-entreprises-olikrom-leve-45-millions-deuros-pour-industrialiser-ses-pigments\\\/#primaryimage\"},\"image\":{\"@id\":\"https:\\\/\\\/www.olikrom.com\\\/fr\\\/presse\\\/le-journal-des-entreprises-olikrom-leve-45-millions-deuros-pour-industrialiser-ses-pigments\\\/#primaryimage\"},\"thumbnailUrl\":\"https:\\\/\\\/www.olikrom.com\\\/wp-content\\\/uploads\\\/2018\\\/06\\\/le-journal-des-entreprises.jpg\",\"datePublished\":\"2018-06-13T09:50:48+00:00\",\"dateModified\":\"2023-01-27T15:02:57+00:00\",\"description\":\"La start-up sp\u00e9cialis\u00e9e dans la production de pigments intelligents pour l'industrie vient de boucler une deuxi\u00e8me lev\u00e9e de fonds.\",\"breadcrumb\":{\"@id\":\"https:\\\/\\\/www.olikrom.com\\\/fr\\\/presse\\\/le-journal-des-entreprises-olikrom-leve-45-millions-deuros-pour-industrialiser-ses-pigments\\\/#breadcrumb\"},\"inLanguage\":\"fr-FR\",\"potentialAction\":[{\"@type\":\"ReadAction\",\"target\":[\"https:\\\/\\\/www.olikrom.com\\\/fr\\\/presse\\\/le-journal-des-entreprises-olikrom-leve-45-millions-deuros-pour-industrialiser-ses-pigments\\\/\"]}]},{\"@type\":\"ImageObject\",\"inLanguage\":\"fr-FR\",\"@id\":\"https:\\\/\\\/www.olikrom.com\\\/fr\\\/presse\\\/le-journal-des-entreprises-olikrom-leve-45-millions-deuros-pour-industrialiser-ses-pigments\\\/#primaryimage\",\"url\":\"https:\\\/\\\/www.olikrom.com\\\/wp-content\\\/uploads\\\/2018\\\/06\\\/le-journal-des-entreprises.jpg\",\"contentUrl\":\"https:\\\/\\\/www.olikrom.com\\\/wp-content\\\/uploads\\\/2018\\\/06\\\/le-journal-des-entreprises.jpg\",\"width\":532,\"height\":251,\"caption\":\"le-journal-des-entreprises\"},{\"@type\":\"BreadcrumbList\",\"@id\":\"https:\\\/\\\/www.olikrom.com\\\/fr\\\/presse\\\/le-journal-des-entreprises-olikrom-leve-45-millions-deuros-pour-industrialiser-ses-pigments\\\/#breadcrumb\",\"itemListElement\":[{\"@type\":\"ListItem\",\"position\":1,\"name\":\"Home\",\"item\":\"https:\\\/\\\/www.olikrom.com\\\/fr\\\/\"},{\"@type\":\"ListItem\",\"position\":2,\"name\":\"[LE JOURNAL DES ENTREPRISES] OliKrom l\u00e8ve 4,5 millions d&rsquo;euros pour industrialiser ses pigments\"}]},{\"@type\":\"WebSite\",\"@id\":\"https:\\\/\\\/www.olikrom.com\\\/fr\\\/#website\",\"url\":\"https:\\\/\\\/www.olikrom.com\\\/fr\\\/\",\"name\":\"OliKrom\",\"description\":\"\",\"publisher\":{\"@id\":\"https:\\\/\\\/www.olikrom.com\\\/fr\\\/#organization\"},\"potentialAction\":[{\"@type\":\"SearchAction\",\"target\":{\"@type\":\"EntryPoint\",\"urlTemplate\":\"https:\\\/\\\/www.olikrom.com\\\/fr\\\/?s={search_term_string}\"},\"query-input\":{\"@type\":\"PropertyValueSpecification\",\"valueRequired\":true,\"valueName\":\"search_term_string\"}}],\"inLanguage\":\"fr-FR\"},{\"@type\":\"Organization\",\"@id\":\"https:\\\/\\\/www.olikrom.com\\\/fr\\\/#organization\",\"name\":\"Olikrom\",\"url\":\"https:\\\/\\\/www.olikrom.com\\\/fr\\\/\",\"logo\":{\"@type\":\"ImageObject\",\"inLanguage\":\"fr-FR\",\"@id\":\"https:\\\/\\\/www.olikrom.com\\\/fr\\\/#\\\/schema\\\/logo\\\/image\\\/\",\"url\":\"https:\\\/\\\/www.olikrom.com\\\/wp-content\\\/uploads\\\/2022\\\/01\\\/olikrom-logo-couleurs-2021-ok.png\",\"contentUrl\":\"https:\\\/\\\/www.olikrom.com\\\/wp-content\\\/uploads\\\/2022\\\/01\\\/olikrom-logo-couleurs-2021-ok.png\",\"width\":285,\"height\":84,\"caption\":\"Olikrom\"},\"image\":{\"@id\":\"https:\\\/\\\/www.olikrom.com\\\/fr\\\/#\\\/schema\\\/logo\\\/image\\\/\"}},{\"@type\":\"Person\",\"@id\":\"https:\\\/\\\/www.olikrom.com\\\/fr\\\/#\\\/schema\\\/person\\\/9df28334ff037f296d71c6cf145904ca\",\"name\":\"olikrom\",\"image\":{\"@type\":\"ImageObject\",\"inLanguage\":\"fr-FR\",\"@id\":\"https:\\\/\\\/secure.gravatar.com\\\/avatar\\\/610dbff3ea490fd0b981b1b2f5a26a440c8e40f8f474fc7fb84a8ac9573692f1?s=96&d=mm&r=g\",\"url\":\"https:\\\/\\\/secure.gravatar.com\\\/avatar\\\/610dbff3ea490fd0b981b1b2f5a26a440c8e40f8f474fc7fb84a8ac9573692f1?s=96&d=mm&r=g\",\"contentUrl\":\"https:\\\/\\\/secure.gravatar.com\\\/avatar\\\/610dbff3ea490fd0b981b1b2f5a26a440c8e40f8f474fc7fb84a8ac9573692f1?s=96&d=mm&r=g\",\"caption\":\"olikrom\"}}]}<\/script>\n<!-- \/ Yoast SEO plugin. -->","yoast_head_json":{"title":"[LE JOURNAL DES ENTREPRISES] OliKrom veut industrialiser","description":"La start-up sp\u00e9cialis\u00e9e dans la production de pigments intelligents pour l'industrie vient de boucler une deuxi\u00e8me lev\u00e9e de fonds.","robots":{"index":"index","follow":"follow","max-snippet":"max-snippet:-1","max-image-preview":"max-image-preview:large","max-video-preview":"max-video-preview:-1"},"canonical":"https:\/\/www.olikrom.com\/fr\/presse\/le-journal-des-entreprises-olikrom-leve-45-millions-deuros-pour-industrialiser-ses-pigments\/","og_locale":"fr_FR","og_type":"article","og_title":"[LE JOURNAL DES ENTREPRISES] OliKrom veut industrialiser","og_description":"La start-up sp\u00e9cialis\u00e9e dans la production de pigments intelligents pour l'industrie vient de boucler une deuxi\u00e8me lev\u00e9e de fonds.","og_url":"https:\/\/www.olikrom.com\/fr\/presse\/le-journal-des-entreprises-olikrom-leve-45-millions-deuros-pour-industrialiser-ses-pigments\/","og_site_name":"OliKrom","article_published_time":"2018-06-13T09:50:48+00:00","article_modified_time":"2023-01-27T15:02:57+00:00","og_image":[{"width":532,"height":251,"url":"https:\/\/www.olikrom.com\/wp-content\/uploads\/2018\/06\/le-journal-des-entreprises.jpg","type":"image\/jpeg"}],"author":"olikrom","twitter_card":"summary_large_image","twitter_misc":{"\u00c9crit par":"olikrom","Dur\u00e9e de lecture estim\u00e9e":"1 minute"},"schema":{"@context":"https:\/\/schema.org","@graph":[{"@type":"Article","@id":"https:\/\/www.olikrom.com\/fr\/presse\/le-journal-des-entreprises-olikrom-leve-45-millions-deuros-pour-industrialiser-ses-pigments\/#article","isPartOf":{"@id":"https:\/\/www.olikrom.com\/fr\/presse\/le-journal-des-entreprises-olikrom-leve-45-millions-deuros-pour-industrialiser-ses-pigments\/"},"author":{"name":"olikrom","@id":"https:\/\/www.olikrom.com\/fr\/#\/schema\/person\/9df28334ff037f296d71c6cf145904ca"},"headline":"[LE JOURNAL DES ENTREPRISES] OliKrom l\u00e8ve 4,5 millions d&rsquo;euros pour industrialiser ses pigments","datePublished":"2018-06-13T09:50:48+00:00","dateModified":"2023-01-27T15:02:57+00:00","mainEntityOfPage":{"@id":"https:\/\/www.olikrom.com\/fr\/presse\/le-journal-des-entreprises-olikrom-leve-45-millions-deuros-pour-industrialiser-ses-pigments\/"},"wordCount":596,"publisher":{"@id":"https:\/\/www.olikrom.com\/fr\/#organization"},"image":{"@id":"https:\/\/www.olikrom.com\/fr\/presse\/le-journal-des-entreprises-olikrom-leve-45-millions-deuros-pour-industrialiser-ses-pigments\/#primaryimage"},"thumbnailUrl":"https:\/\/www.olikrom.com\/wp-content\/uploads\/2018\/06\/le-journal-des-entreprises.jpg","articleSection":["Presse"],"inLanguage":"fr-FR"},{"@type":"WebPage","@id":"https:\/\/www.olikrom.com\/fr\/presse\/le-journal-des-entreprises-olikrom-leve-45-millions-deuros-pour-industrialiser-ses-pigments\/","url":"https:\/\/www.olikrom.com\/fr\/presse\/le-journal-des-entreprises-olikrom-leve-45-millions-deuros-pour-industrialiser-ses-pigments\/","name":"[LE JOURNAL DES ENTREPRISES] OliKrom veut industrialiser","isPartOf":{"@id":"https:\/\/www.olikrom.com\/fr\/#website"},"primaryImageOfPage":{"@id":"https:\/\/www.olikrom.com\/fr\/presse\/le-journal-des-entreprises-olikrom-leve-45-millions-deuros-pour-industrialiser-ses-pigments\/#primaryimage"},"image":{"@id":"https:\/\/www.olikrom.com\/fr\/presse\/le-journal-des-entreprises-olikrom-leve-45-millions-deuros-pour-industrialiser-ses-pigments\/#primaryimage"},"thumbnailUrl":"https:\/\/www.olikrom.com\/wp-content\/uploads\/2018\/06\/le-journal-des-entreprises.jpg","datePublished":"2018-06-13T09:50:48+00:00","dateModified":"2023-01-27T15:02:57+00:00","description":"La start-up sp\u00e9cialis\u00e9e dans la production de pigments intelligents pour l'industrie vient de boucler une deuxi\u00e8me lev\u00e9e de fonds.","breadcrumb":{"@id":"https:\/\/www.olikrom.com\/fr\/presse\/le-journal-des-entreprises-olikrom-leve-45-millions-deuros-pour-industrialiser-ses-pigments\/#breadcrumb"},"inLanguage":"fr-FR","potentialAction":[{"@type":"ReadAction","target":["https:\/\/www.olikrom.com\/fr\/presse\/le-journal-des-entreprises-olikrom-leve-45-millions-deuros-pour-industrialiser-ses-pigments\/"]}]},{"@type":"ImageObject","inLanguage":"fr-FR","@id":"https:\/\/www.olikrom.com\/fr\/presse\/le-journal-des-entreprises-olikrom-leve-45-millions-deuros-pour-industrialiser-ses-pigments\/#primaryimage","url":"https:\/\/www.olikrom.com\/wp-content\/uploads\/2018\/06\/le-journal-des-entreprises.jpg","contentUrl":"https:\/\/www.olikrom.com\/wp-content\/uploads\/2018\/06\/le-journal-des-entreprises.jpg","width":532,"height":251,"caption":"le-journal-des-entreprises"},{"@type":"BreadcrumbList","@id":"https:\/\/www.olikrom.com\/fr\/presse\/le-journal-des-entreprises-olikrom-leve-45-millions-deuros-pour-industrialiser-ses-pigments\/#breadcrumb","itemListElement":[{"@type":"ListItem","position":1,"name":"Home","item":"https:\/\/www.olikrom.com\/fr\/"},{"@type":"ListItem","position":2,"name":"[LE JOURNAL DES ENTREPRISES] OliKrom l\u00e8ve 4,5 millions d&rsquo;euros pour industrialiser ses pigments"}]},{"@type":"WebSite","@id":"https:\/\/www.olikrom.com\/fr\/#website","url":"https:\/\/www.olikrom.com\/fr\/","name":"OliKrom","description":"","publisher":{"@id":"https:\/\/www.olikrom.com\/fr\/#organization"},"potentialAction":[{"@type":"SearchAction","target":{"@type":"EntryPoint","urlTemplate":"https:\/\/www.olikrom.com\/fr\/?s={search_term_string}"},"query-input":{"@type":"PropertyValueSpecification","valueRequired":true,"valueName":"search_term_string"}}],"inLanguage":"fr-FR"},{"@type":"Organization","@id":"https:\/\/www.olikrom.com\/fr\/#organization","name":"Olikrom","url":"https:\/\/www.olikrom.com\/fr\/","logo":{"@type":"ImageObject","inLanguage":"fr-FR","@id":"https:\/\/www.olikrom.com\/fr\/#\/schema\/logo\/image\/","url":"https:\/\/www.olikrom.com\/wp-content\/uploads\/2022\/01\/olikrom-logo-couleurs-2021-ok.png","contentUrl":"https:\/\/www.olikrom.com\/wp-content\/uploads\/2022\/01\/olikrom-logo-couleurs-2021-ok.png","width":285,"height":84,"caption":"Olikrom"},"image":{"@id":"https:\/\/www.olikrom.com\/fr\/#\/schema\/logo\/image\/"}},{"@type":"Person","@id":"https:\/\/www.olikrom.com\/fr\/#\/schema\/person\/9df28334ff037f296d71c6cf145904ca","name":"olikrom","image":{"@type":"ImageObject","inLanguage":"fr-FR","@id":"https:\/\/secure.gravatar.com\/avatar\/610dbff3ea490fd0b981b1b2f5a26a440c8e40f8f474fc7fb84a8ac9573692f1?s=96&d=mm&r=g","url":"https:\/\/secure.gravatar.com\/avatar\/610dbff3ea490fd0b981b1b2f5a26a440c8e40f8f474fc7fb84a8ac9573692f1?s=96&d=mm&r=g","contentUrl":"https:\/\/secure.gravatar.com\/avatar\/610dbff3ea490fd0b981b1b2f5a26a440c8e40f8f474fc7fb84a8ac9573692f1?s=96&d=mm&r=g","caption":"olikrom"}}]}},"_links":{"self":[{"href":"https:\/\/www.olikrom.com\/fr\/wp-json\/wp\/v2\/posts\/21551","targetHints":{"allow":["GET"]}}],"collection":[{"href":"https:\/\/www.olikrom.com\/fr\/wp-json\/wp\/v2\/posts"}],"about":[{"href":"https:\/\/www.olikrom.com\/fr\/wp-json\/wp\/v2\/types\/post"}],"author":[{"embeddable":true,"href":"https:\/\/www.olikrom.com\/fr\/wp-json\/wp\/v2\/users\/10"}],"replies":[{"embeddable":true,"href":"https:\/\/www.olikrom.com\/fr\/wp-json\/wp\/v2\/comments?post=21551"}],"version-history":[{"count":5,"href":"https:\/\/www.olikrom.com\/fr\/wp-json\/wp\/v2\/posts\/21551\/revisions"}],"predecessor-version":[{"id":33457,"href":"https:\/\/www.olikrom.com\/fr\/wp-json\/wp\/v2\/posts\/21551\/revisions\/33457"}],"wp:featuredmedia":[{"embeddable":true,"href":"https:\/\/www.olikrom.com\/fr\/wp-json\/wp\/v2\/media\/21560"}],"wp:attachment":[{"href":"https:\/\/www.olikrom.com\/fr\/wp-json\/wp\/v2\/media?parent=21551"}],"wp:term":[{"taxonomy":"category","embeddable":true,"href":"https:\/\/www.olikrom.com\/fr\/wp-json\/wp\/v2\/categories?post=21551"},{"taxonomy":"post_tag","embeddable":true,"href":"https:\/\/www.olikrom.com\/fr\/wp-json\/wp\/v2\/tags?post=21551"}],"curies":[{"name":"wp","href":"https:\/\/api.w.org\/{rel}","templated":true}]}}