{"id":35426,"date":"2025-04-17T17:43:06","date_gmt":"2025-04-17T15:43:06","guid":{"rendered":"https:\/\/www.olikrom.com\/?p=35426"},"modified":"2025-04-29T17:52:40","modified_gmt":"2025-04-29T15:52:40","slug":"radio-classique-olikrom-in-the-spotlight-on-radio-classique","status":"publish","type":"post","link":"https:\/\/www.olikrom.com\/en\/press\/radio-classique-olikrom-in-the-spotlight-on-radio-classique\/","title":{"rendered":"[Radio Classique] Olikrom in the spotlight on Radio Classique"},"content":{"rendered":"<div class=\"markdown prose w-full break-words dark:prose-invert dark\">\n<div class=\"markdown prose w-full break-words dark:prose-invert dark\">\n<div class=\"markdown prose w-full break-words dark:prose-invert dark\">\n<div class=\"flex w-full flex-col gap-1 juice:empty:hidden juice:first:pt-[3px]\">\n<div class=\"markdown prose w-full break-words dark:prose-invert dark\">\n<div id=\"pl-30069\" class=\"panel-layout\">\n<div id=\"pg-30069-0\" class=\"panel-grid panel-no-style\">\n<div id=\"pgc-30069-0-0\" class=\"panel-grid-cell\" data-weight=\"1\">\n<div id=\"panel-30069-0-0-0\" class=\"so-panel widget widget_sow-editor panel-first-child panel-last-child\" data-index=\"0\" data-style=\"{&quot;background_image_attachment&quot;:false,&quot;background_display&quot;:&quot;tile&quot;}\">\n<div class=\"so-widget-sow-editor so-widget-sow-editor-base\">\n<div class=\"siteorigin-widget-tinymce textwidget\">\n<div class=\"flex flex-grow flex-col max-w-full\">\n<div class=\"min-h-[20px] text-message flex flex-col items-start whitespace-pre-wrap break-words [.text-message+&amp;]:mt-5 juice:w-full juice:items-end overflow-x-auto gap-2\" dir=\"auto\" data-message-author-role=\"assistant\" data-message-id=\"c8d26bd3-75b9-46a8-a341-cb71057cf096\">\n<div class=\"flex w-full flex-col gap-1 juice:empty:hidden juice:first:pt-[3px]\">\n<div class=\"markdown prose w-full break-words dark:prose-invert dark\">\n<h2>Jean-Fran\u00e7ois L\u00e9tard presents our company OliKrom on Radio Classique<\/h2>\n<p>Guest on Radio Classique&#8217;s Comment j&#8217;ai r\u00e9ussi program, company president Jean-Fran\u00e7ois L\u00e9tard presented our intelligent materials developed and produced near Bordeaux. Specializing in the creation of materials capable of changing color according to the environment (temperature, pressure, light), OliKrom offers revolutionary solutions for industrial and urban safety. Our LuminoKrom\u00ae photoluminescent paint offers autonomous night-time guidance, particularly suited to cities reducing street lighting, and also contributes to environmental protection thanks to eco-responsible formulations.<\/p>\n<p>&nbsp;<\/p>\n<h2>Radio Classique, zoom on intelligent materials applications<\/h2>\n<p>On the Radio Classique program, Jean-Fran\u00e7ois L\u00e9tard details the applications of materials developed by OliKrom. In particular, our LuminoKrom\u00ae photoluminescent paint is highlighted for its ability to restore light for over ten hours without energy, making crosswalks and bicycle lanes safer. The interview also discusses the regulatory challenges holding back the deployment of this innovation, despite official certification. Finally, the importance of intellectual property is highlighted as a key lever of differentiation and growth for the company in global markets.<\/p>\n<p>&nbsp;<\/p>\n<\/div>\n<\/div>\n<\/div>\n<p><iframe loading=\"lazy\" title=\"&quot;Comment j&#039;ai r\u00e9ussi ?&quot; avec Jean-Fran\u00e7ois L\u00e9tard, pr\u00e9sident-fondateur d\u2019Olikrom\" width=\"1016\" height=\"572\" src=\"https:\/\/www.youtube.com\/embed\/KrTacvljdq4?feature=oembed&#038;enablejsapi=1&#038;origin=https:\/\/www.olikrom.com\" frameborder=\"0\" allow=\"accelerometer; autoplay; clipboard-write; encrypted-media; gyroscope; picture-in-picture; web-share\" referrerpolicy=\"strict-origin-when-cross-origin\" allowfullscreen><\/iframe><\/p>\n<\/div>\n<\/div>\n<\/div>\n<\/div>\n<\/div>\n<\/div>\n<\/div>\n<\/div>\n<\/div>\n<\/div>\n<\/div>\n<\/div>\n","protected":false},"excerpt":{"rendered":"<p>Jean-Fran\u00e7ois L\u00e9tard presents our company OliKrom on Radio Classique Guest on Radio Classique&#8217;s Comment j&#8217;ai r\u00e9ussi program, company president Jean-Fran\u00e7ois L\u00e9tard presented our intelligent materials developed and produced near [&hellip;]<\/p>\n","protected":false},"author":10,"featured_media":35436,"comment_status":"closed","ping_status":"closed","sticky":false,"template":"","format":"standard","meta":{"inline_featured_image":false,"footnotes":""},"categories":[397],"tags":[],"class_list":["post-35426","post","type-post","status-publish","format-standard","has-post-thumbnail","hentry","category-press"],"yoast_head":"<!-- This site is optimized with the Yoast SEO plugin v27.4 - https:\/\/yoast.com\/product\/yoast-seo-wordpress\/ -->\n<title>Interview with Jean-Fran\u00e7ois L\u00e9tard on Radio Classique<\/title>\n<meta name=\"description\" content=\"Jean-Fran\u00e7ois L\u00e9tard, our founder and president, presents OliKrom and its innovative color-changing products.\" \/>\n<meta name=\"robots\" content=\"index, follow, max-snippet:-1, max-image-preview:large, max-video-preview:-1\" \/>\n<link rel=\"canonical\" href=\"https:\/\/www.olikrom.com\/en\/press\/radio-classique-olikrom-in-the-spotlight-on-radio-classique\/\" \/>\n<meta property=\"og:locale\" content=\"en_US\" \/>\n<meta property=\"og:type\" content=\"article\" \/>\n<meta property=\"og:title\" content=\"Interview with Jean-Fran\u00e7ois L\u00e9tard on Radio Classique\" \/>\n<meta property=\"og:description\" content=\"Jean-Fran\u00e7ois L\u00e9tard, our founder and president, presents OliKrom and its innovative color-changing products.\" \/>\n<meta property=\"og:url\" content=\"https:\/\/www.olikrom.com\/en\/press\/radio-classique-olikrom-in-the-spotlight-on-radio-classique\/\" \/>\n<meta property=\"og:site_name\" content=\"OliKrom\" \/>\n<meta property=\"article:published_time\" content=\"2025-04-17T15:43:06+00:00\" \/>\n<meta property=\"article:modified_time\" content=\"2025-04-29T15:52:40+00:00\" \/>\n<meta property=\"og:image\" content=\"https:\/\/www.olikrom.com\/wp-content\/uploads\/2025\/04\/logo-radio-classique.png\" \/>\n\t<meta property=\"og:image:width\" content=\"532\" \/>\n\t<meta property=\"og:image:height\" content=\"351\" \/>\n\t<meta property=\"og:image:type\" content=\"image\/png\" \/>\n<meta name=\"author\" content=\"olikrom\" \/>\n<meta name=\"twitter:card\" content=\"summary_large_image\" \/>\n<meta name=\"twitter:label1\" content=\"Written by\" \/>\n\t<meta name=\"twitter:data1\" content=\"olikrom\" \/>\n\t<meta name=\"twitter:label2\" content=\"Est. reading time\" \/>\n\t<meta name=\"twitter:data2\" content=\"1 minute\" \/>\n<script type=\"application\/ld+json\" class=\"yoast-schema-graph\">{\"@context\":\"https:\\\/\\\/schema.org\",\"@graph\":[{\"@type\":\"Article\",\"@id\":\"https:\\\/\\\/www.olikrom.com\\\/en\\\/press\\\/radio-classique-olikrom-in-the-spotlight-on-radio-classique\\\/#article\",\"isPartOf\":{\"@id\":\"https:\\\/\\\/www.olikrom.com\\\/en\\\/press\\\/radio-classique-olikrom-in-the-spotlight-on-radio-classique\\\/\"},\"author\":{\"name\":\"olikrom\",\"@id\":\"https:\\\/\\\/www.olikrom.com\\\/en\\\/#\\\/schema\\\/person\\\/9df28334ff037f296d71c6cf145904ca\"},\"headline\":\"[Radio Classique] Olikrom in the spotlight on Radio Classique\",\"datePublished\":\"2025-04-17T15:43:06+00:00\",\"dateModified\":\"2025-04-29T15:52:40+00:00\",\"mainEntityOfPage\":{\"@id\":\"https:\\\/\\\/www.olikrom.com\\\/en\\\/press\\\/radio-classique-olikrom-in-the-spotlight-on-radio-classique\\\/\"},\"wordCount\":197,\"publisher\":{\"@id\":\"https:\\\/\\\/www.olikrom.com\\\/en\\\/#organization\"},\"image\":{\"@id\":\"https:\\\/\\\/www.olikrom.com\\\/en\\\/press\\\/radio-classique-olikrom-in-the-spotlight-on-radio-classique\\\/#primaryimage\"},\"thumbnailUrl\":\"https:\\\/\\\/www.olikrom.com\\\/wp-content\\\/uploads\\\/2025\\\/04\\\/Radio-classique.jpg\",\"articleSection\":[\"Press\"],\"inLanguage\":\"en-US\"},{\"@type\":\"WebPage\",\"@id\":\"https:\\\/\\\/www.olikrom.com\\\/en\\\/press\\\/radio-classique-olikrom-in-the-spotlight-on-radio-classique\\\/\",\"url\":\"https:\\\/\\\/www.olikrom.com\\\/en\\\/press\\\/radio-classique-olikrom-in-the-spotlight-on-radio-classique\\\/\",\"name\":\"Interview with Jean-Fran\u00e7ois L\u00e9tard on Radio Classique\",\"isPartOf\":{\"@id\":\"https:\\\/\\\/www.olikrom.com\\\/en\\\/#website\"},\"primaryImageOfPage\":{\"@id\":\"https:\\\/\\\/www.olikrom.com\\\/en\\\/press\\\/radio-classique-olikrom-in-the-spotlight-on-radio-classique\\\/#primaryimage\"},\"image\":{\"@id\":\"https:\\\/\\\/www.olikrom.com\\\/en\\\/press\\\/radio-classique-olikrom-in-the-spotlight-on-radio-classique\\\/#primaryimage\"},\"thumbnailUrl\":\"https:\\\/\\\/www.olikrom.com\\\/wp-content\\\/uploads\\\/2025\\\/04\\\/Radio-classique.jpg\",\"datePublished\":\"2025-04-17T15:43:06+00:00\",\"dateModified\":\"2025-04-29T15:52:40+00:00\",\"description\":\"Jean-Fran\u00e7ois L\u00e9tard, our founder and president, presents OliKrom and its innovative color-changing products.\",\"breadcrumb\":{\"@id\":\"https:\\\/\\\/www.olikrom.com\\\/en\\\/press\\\/radio-classique-olikrom-in-the-spotlight-on-radio-classique\\\/#breadcrumb\"},\"inLanguage\":\"en-US\",\"potentialAction\":[{\"@type\":\"ReadAction\",\"target\":[\"https:\\\/\\\/www.olikrom.com\\\/en\\\/press\\\/radio-classique-olikrom-in-the-spotlight-on-radio-classique\\\/\"]}]},{\"@type\":\"ImageObject\",\"inLanguage\":\"en-US\",\"@id\":\"https:\\\/\\\/www.olikrom.com\\\/en\\\/press\\\/radio-classique-olikrom-in-the-spotlight-on-radio-classique\\\/#primaryimage\",\"url\":\"https:\\\/\\\/www.olikrom.com\\\/wp-content\\\/uploads\\\/2025\\\/04\\\/Radio-classique.jpg\",\"contentUrl\":\"https:\\\/\\\/www.olikrom.com\\\/wp-content\\\/uploads\\\/2025\\\/04\\\/Radio-classique.jpg\",\"width\":532,\"height\":251},{\"@type\":\"BreadcrumbList\",\"@id\":\"https:\\\/\\\/www.olikrom.com\\\/en\\\/press\\\/radio-classique-olikrom-in-the-spotlight-on-radio-classique\\\/#breadcrumb\",\"itemListElement\":[{\"@type\":\"ListItem\",\"position\":1,\"name\":\"Home\",\"item\":\"https:\\\/\\\/www.olikrom.com\\\/en\\\/\"},{\"@type\":\"ListItem\",\"position\":2,\"name\":\"[Radio Classique] Olikrom in the spotlight on Radio Classique\"}]},{\"@type\":\"WebSite\",\"@id\":\"https:\\\/\\\/www.olikrom.com\\\/en\\\/#website\",\"url\":\"https:\\\/\\\/www.olikrom.com\\\/en\\\/\",\"name\":\"OliKrom\",\"description\":\"\",\"publisher\":{\"@id\":\"https:\\\/\\\/www.olikrom.com\\\/en\\\/#organization\"},\"potentialAction\":[{\"@type\":\"SearchAction\",\"target\":{\"@type\":\"EntryPoint\",\"urlTemplate\":\"https:\\\/\\\/www.olikrom.com\\\/en\\\/?s={search_term_string}\"},\"query-input\":{\"@type\":\"PropertyValueSpecification\",\"valueRequired\":true,\"valueName\":\"search_term_string\"}}],\"inLanguage\":\"en-US\"},{\"@type\":\"Organization\",\"@id\":\"https:\\\/\\\/www.olikrom.com\\\/en\\\/#organization\",\"name\":\"Olikrom\",\"url\":\"https:\\\/\\\/www.olikrom.com\\\/en\\\/\",\"logo\":{\"@type\":\"ImageObject\",\"inLanguage\":\"en-US\",\"@id\":\"https:\\\/\\\/www.olikrom.com\\\/en\\\/#\\\/schema\\\/logo\\\/image\\\/\",\"url\":\"https:\\\/\\\/www.olikrom.com\\\/wp-content\\\/uploads\\\/2022\\\/01\\\/olikrom-logo-couleurs-2021-ok.png\",\"contentUrl\":\"https:\\\/\\\/www.olikrom.com\\\/wp-content\\\/uploads\\\/2022\\\/01\\\/olikrom-logo-couleurs-2021-ok.png\",\"width\":285,\"height\":84,\"caption\":\"Olikrom\"},\"image\":{\"@id\":\"https:\\\/\\\/www.olikrom.com\\\/en\\\/#\\\/schema\\\/logo\\\/image\\\/\"}},{\"@type\":\"Person\",\"@id\":\"https:\\\/\\\/www.olikrom.com\\\/en\\\/#\\\/schema\\\/person\\\/9df28334ff037f296d71c6cf145904ca\",\"name\":\"olikrom\",\"image\":{\"@type\":\"ImageObject\",\"inLanguage\":\"en-US\",\"@id\":\"https:\\\/\\\/secure.gravatar.com\\\/avatar\\\/610dbff3ea490fd0b981b1b2f5a26a440c8e40f8f474fc7fb84a8ac9573692f1?s=96&d=mm&r=g\",\"url\":\"https:\\\/\\\/secure.gravatar.com\\\/avatar\\\/610dbff3ea490fd0b981b1b2f5a26a440c8e40f8f474fc7fb84a8ac9573692f1?s=96&d=mm&r=g\",\"contentUrl\":\"https:\\\/\\\/secure.gravatar.com\\\/avatar\\\/610dbff3ea490fd0b981b1b2f5a26a440c8e40f8f474fc7fb84a8ac9573692f1?s=96&d=mm&r=g\",\"caption\":\"olikrom\"}}]}<\/script>\n<!-- \/ Yoast SEO plugin. -->","yoast_head_json":{"title":"Interview with Jean-Fran\u00e7ois L\u00e9tard on Radio Classique","description":"Jean-Fran\u00e7ois L\u00e9tard, our founder and president, presents OliKrom and its innovative color-changing products.","robots":{"index":"index","follow":"follow","max-snippet":"max-snippet:-1","max-image-preview":"max-image-preview:large","max-video-preview":"max-video-preview:-1"},"canonical":"https:\/\/www.olikrom.com\/en\/press\/radio-classique-olikrom-in-the-spotlight-on-radio-classique\/","og_locale":"en_US","og_type":"article","og_title":"Interview with Jean-Fran\u00e7ois L\u00e9tard on Radio Classique","og_description":"Jean-Fran\u00e7ois L\u00e9tard, our founder and president, presents OliKrom and its innovative color-changing products.","og_url":"https:\/\/www.olikrom.com\/en\/press\/radio-classique-olikrom-in-the-spotlight-on-radio-classique\/","og_site_name":"OliKrom","article_published_time":"2025-04-17T15:43:06+00:00","article_modified_time":"2025-04-29T15:52:40+00:00","og_image":[{"width":532,"height":351,"url":"https:\/\/www.olikrom.com\/wp-content\/uploads\/2025\/04\/logo-radio-classique.png","type":"image\/png"}],"author":"olikrom","twitter_card":"summary_large_image","twitter_misc":{"Written by":"olikrom","Est. reading time":"1 minute"},"schema":{"@context":"https:\/\/schema.org","@graph":[{"@type":"Article","@id":"https:\/\/www.olikrom.com\/en\/press\/radio-classique-olikrom-in-the-spotlight-on-radio-classique\/#article","isPartOf":{"@id":"https:\/\/www.olikrom.com\/en\/press\/radio-classique-olikrom-in-the-spotlight-on-radio-classique\/"},"author":{"name":"olikrom","@id":"https:\/\/www.olikrom.com\/en\/#\/schema\/person\/9df28334ff037f296d71c6cf145904ca"},"headline":"[Radio Classique] Olikrom in the spotlight on Radio Classique","datePublished":"2025-04-17T15:43:06+00:00","dateModified":"2025-04-29T15:52:40+00:00","mainEntityOfPage":{"@id":"https:\/\/www.olikrom.com\/en\/press\/radio-classique-olikrom-in-the-spotlight-on-radio-classique\/"},"wordCount":197,"publisher":{"@id":"https:\/\/www.olikrom.com\/en\/#organization"},"image":{"@id":"https:\/\/www.olikrom.com\/en\/press\/radio-classique-olikrom-in-the-spotlight-on-radio-classique\/#primaryimage"},"thumbnailUrl":"https:\/\/www.olikrom.com\/wp-content\/uploads\/2025\/04\/Radio-classique.jpg","articleSection":["Press"],"inLanguage":"en-US"},{"@type":"WebPage","@id":"https:\/\/www.olikrom.com\/en\/press\/radio-classique-olikrom-in-the-spotlight-on-radio-classique\/","url":"https:\/\/www.olikrom.com\/en\/press\/radio-classique-olikrom-in-the-spotlight-on-radio-classique\/","name":"Interview with Jean-Fran\u00e7ois L\u00e9tard on Radio Classique","isPartOf":{"@id":"https:\/\/www.olikrom.com\/en\/#website"},"primaryImageOfPage":{"@id":"https:\/\/www.olikrom.com\/en\/press\/radio-classique-olikrom-in-the-spotlight-on-radio-classique\/#primaryimage"},"image":{"@id":"https:\/\/www.olikrom.com\/en\/press\/radio-classique-olikrom-in-the-spotlight-on-radio-classique\/#primaryimage"},"thumbnailUrl":"https:\/\/www.olikrom.com\/wp-content\/uploads\/2025\/04\/Radio-classique.jpg","datePublished":"2025-04-17T15:43:06+00:00","dateModified":"2025-04-29T15:52:40+00:00","description":"Jean-Fran\u00e7ois L\u00e9tard, our founder and president, presents OliKrom and its innovative color-changing products.","breadcrumb":{"@id":"https:\/\/www.olikrom.com\/en\/press\/radio-classique-olikrom-in-the-spotlight-on-radio-classique\/#breadcrumb"},"inLanguage":"en-US","potentialAction":[{"@type":"ReadAction","target":["https:\/\/www.olikrom.com\/en\/press\/radio-classique-olikrom-in-the-spotlight-on-radio-classique\/"]}]},{"@type":"ImageObject","inLanguage":"en-US","@id":"https:\/\/www.olikrom.com\/en\/press\/radio-classique-olikrom-in-the-spotlight-on-radio-classique\/#primaryimage","url":"https:\/\/www.olikrom.com\/wp-content\/uploads\/2025\/04\/Radio-classique.jpg","contentUrl":"https:\/\/www.olikrom.com\/wp-content\/uploads\/2025\/04\/Radio-classique.jpg","width":532,"height":251},{"@type":"BreadcrumbList","@id":"https:\/\/www.olikrom.com\/en\/press\/radio-classique-olikrom-in-the-spotlight-on-radio-classique\/#breadcrumb","itemListElement":[{"@type":"ListItem","position":1,"name":"Home","item":"https:\/\/www.olikrom.com\/en\/"},{"@type":"ListItem","position":2,"name":"[Radio Classique] Olikrom in the spotlight on Radio Classique"}]},{"@type":"WebSite","@id":"https:\/\/www.olikrom.com\/en\/#website","url":"https:\/\/www.olikrom.com\/en\/","name":"OliKrom","description":"","publisher":{"@id":"https:\/\/www.olikrom.com\/en\/#organization"},"potentialAction":[{"@type":"SearchAction","target":{"@type":"EntryPoint","urlTemplate":"https:\/\/www.olikrom.com\/en\/?s={search_term_string}"},"query-input":{"@type":"PropertyValueSpecification","valueRequired":true,"valueName":"search_term_string"}}],"inLanguage":"en-US"},{"@type":"Organization","@id":"https:\/\/www.olikrom.com\/en\/#organization","name":"Olikrom","url":"https:\/\/www.olikrom.com\/en\/","logo":{"@type":"ImageObject","inLanguage":"en-US","@id":"https:\/\/www.olikrom.com\/en\/#\/schema\/logo\/image\/","url":"https:\/\/www.olikrom.com\/wp-content\/uploads\/2022\/01\/olikrom-logo-couleurs-2021-ok.png","contentUrl":"https:\/\/www.olikrom.com\/wp-content\/uploads\/2022\/01\/olikrom-logo-couleurs-2021-ok.png","width":285,"height":84,"caption":"Olikrom"},"image":{"@id":"https:\/\/www.olikrom.com\/en\/#\/schema\/logo\/image\/"}},{"@type":"Person","@id":"https:\/\/www.olikrom.com\/en\/#\/schema\/person\/9df28334ff037f296d71c6cf145904ca","name":"olikrom","image":{"@type":"ImageObject","inLanguage":"en-US","@id":"https:\/\/secure.gravatar.com\/avatar\/610dbff3ea490fd0b981b1b2f5a26a440c8e40f8f474fc7fb84a8ac9573692f1?s=96&d=mm&r=g","url":"https:\/\/secure.gravatar.com\/avatar\/610dbff3ea490fd0b981b1b2f5a26a440c8e40f8f474fc7fb84a8ac9573692f1?s=96&d=mm&r=g","contentUrl":"https:\/\/secure.gravatar.com\/avatar\/610dbff3ea490fd0b981b1b2f5a26a440c8e40f8f474fc7fb84a8ac9573692f1?s=96&d=mm&r=g","caption":"olikrom"}}]}},"_links":{"self":[{"href":"https:\/\/www.olikrom.com\/en\/wp-json\/wp\/v2\/posts\/35426","targetHints":{"allow":["GET"]}}],"collection":[{"href":"https:\/\/www.olikrom.com\/en\/wp-json\/wp\/v2\/posts"}],"about":[{"href":"https:\/\/www.olikrom.com\/en\/wp-json\/wp\/v2\/types\/post"}],"author":[{"embeddable":true,"href":"https:\/\/www.olikrom.com\/en\/wp-json\/wp\/v2\/users\/10"}],"replies":[{"embeddable":true,"href":"https:\/\/www.olikrom.com\/en\/wp-json\/wp\/v2\/comments?post=35426"}],"version-history":[{"count":1,"href":"https:\/\/www.olikrom.com\/en\/wp-json\/wp\/v2\/posts\/35426\/revisions"}],"predecessor-version":[{"id":35434,"href":"https:\/\/www.olikrom.com\/en\/wp-json\/wp\/v2\/posts\/35426\/revisions\/35434"}],"wp:featuredmedia":[{"embeddable":true,"href":"https:\/\/www.olikrom.com\/en\/wp-json\/wp\/v2\/media\/35436"}],"wp:attachment":[{"href":"https:\/\/www.olikrom.com\/en\/wp-json\/wp\/v2\/media?parent=35426"}],"wp:term":[{"taxonomy":"category","embeddable":true,"href":"https:\/\/www.olikrom.com\/en\/wp-json\/wp\/v2\/categories?post=35426"},{"taxonomy":"post_tag","embeddable":true,"href":"https:\/\/www.olikrom.com\/en\/wp-json\/wp\/v2\/tags?post=35426"}],"curies":[{"name":"wp","href":"https:\/\/api.w.org\/{rel}","templated":true}]}}